{"id":29,"date":"2017-11-01T19:23:12","date_gmt":"2017-11-01T19:23:12","guid":{"rendered":"http:\/\/eu-wsn.wloclawek.pl\/?p=29"},"modified":"2017-11-22T22:18:25","modified_gmt":"2017-11-22T22:18:25","slug":"piracki-turniej","status":"publish","type":"post","link":"http:\/\/eurointegracja.pl\/?p=29","title":{"rendered":"Piracki\u00a0Turniej"},"content":{"rendered":"<h1><\/h1>\n<hr \/>\n<hr \/>\n<hr \/>\n<h1 style=\"padding-top: 0px;\"><img decoding=\"async\" loading=\"lazy\" class=\"wp-image-21 alignright\" src=\"http:\/\/eu-wsn.wloclawek.pl\/wp-content\/uploads\/2017\/11\/logo0-300x86.png\" alt=\"\" width=\"115\" height=\"33\" srcset=\"http:\/\/eurointegracja.pl\/wp-content\/uploads\/2017\/11\/logo0-300x86.png 300w, http:\/\/eurointegracja.pl\/wp-content\/uploads\/2017\/11\/logo0.png 418w\" sizes=\"(max-width: 115px) 100vw, 115px\" \/><\/h1>\n<p><img decoding=\"async\" loading=\"lazy\" class=\"wp-image-30 size-full alignleft\" src=\"http:\/\/eu-wsn.wloclawek.pl\/wp-content\/uploads\/2017\/11\/Wloclawek-e1509564095823.png\" alt=\"\" width=\"100\" height=\"143\" \/><\/p>\n<p>&nbsp;<\/p>\n<p><img decoding=\"async\" loading=\"lazy\" class=\"size-medium wp-image-33 alignleft\" src=\"http:\/\/eu-wsn.wloclawek.pl\/wp-content\/uploads\/2017\/11\/Pirat1-300x300.png\" alt=\"\" width=\"300\" height=\"300\" srcset=\"http:\/\/eurointegracja.pl\/wp-content\/uploads\/2017\/11\/Pirat1-300x300.png 300w, http:\/\/eurointegracja.pl\/wp-content\/uploads\/2017\/11\/Pirat1-150x150.png 150w, http:\/\/eurointegracja.pl\/wp-content\/uploads\/2017\/11\/Pirat1-100x100.png 100w, http:\/\/eurointegracja.pl\/wp-content\/uploads\/2017\/11\/Pirat1.png 600w\" sizes=\"(max-width: 300px) 100vw, 300px\" \/><\/p>\n<h1 style=\"text-align: center;\"><b>\u201e<\/b><b>Impreza<\/b><b>\u00a0Rekreacyjno-Sportowa\u00a0\u00a0 \u2013\u00a0 X Piracki\u00a0<\/b><b>Turniej Integracyjno-Sportowy<\/b><span data-ccp-props=\"{}\">\u00a0<\/span><b>Os\u00f3b Niepe\u0142nosprawnych\u201d<\/b><\/h1>\n<p style=\"text-align: center;\"><span class=\"TextRun SCXW17367031\" lang=\"PL-PL\" xml:lang=\"PL-PL\"><span class=\"NormalTextRun SCXW17367031\">\u00a0<\/span><\/span><\/p>\n<p style=\"text-align: center;\"><span class=\"TextRun SCXW17367031\" lang=\"PL-PL\" xml:lang=\"PL-PL\"><span class=\"NormalTextRun SCXW17367031\">Os\u00f3b niepe\u0142nosprawnych miasta W\u0142oc\u0142awek\u00a0<\/span><\/span><span class=\"TextRun SCXW17367031\" lang=\"PL-PL\" xml:lang=\"PL-PL\"><span class=\"NormalTextRun SCXW17367031\">\u00a02017<\/span><\/span><span class=\"EOP SCXW17367031\" data-ccp-props=\"{&quot;335551550&quot;:2,&quot;335551620&quot;:2}\">\u00a0<\/span><\/p>\n<p>&nbsp;<\/p>\n<p style=\"text-align: center;\">Organizator \u2013 W\u0142oc\u0142awskie Stowarzyszenie Niepe\u0142nosprawnych \u201eEurointegracja\u201d W\u0142oc\u0142awek dzi\u0119ki\u00a0przyznanym\u00a0\u00a0\u015brodkom\u00a0z Urz\u0119du Miasta W\u0142oc\u0142awek Biura\u00a0Sportu i Turystyki<span data-ccp-props=\"{&quot;335551550&quot;:2,&quot;335551620&quot;:2}\">\u00a0<\/span><\/p>\n<p style=\"text-align: center;\"><span data-ccp-props=\"{&quot;335551550&quot;:2,&quot;335551620&quot;:2}\">\u00a0<\/span><\/p>\n<h1 style=\"text-align: center;\"><b><i>I\u00a0\u00a0 CEL I ZA\u0141O\u017bENIA IMPREZY<\/i><\/b><span data-ccp-props=\"{}\">\u00a0<\/span><\/h1>\n<p>&nbsp;<\/p>\n<ol>\n<li><b><\/b> Upowszechnianie \u201esportu dla wszystkich\u201d, aktywnego i prozdrowotnego stylu \u017cycia.<span data-ccp-props=\"{}\">\u00a0<\/span><\/li>\n<li>Aktywizacja \u015brodowisk niepe\u0142nosprawnych celem rozwijania i popularyzowania\u00a0\u00a0 czynnej rekreacji.<span data-ccp-props=\"{}\">\u00a0<\/span><\/li>\n<li>Ruch jako forma odreagowania \u2013 terapia ruchem dla relaksu psychicznego i fizycznego.<span data-ccp-props=\"{}\">\u00a0<\/span><\/li>\n<li>Integracja \u015brodowiska poprzez aktywn\u0105 i zdrow\u0105 rywalizacj\u0119.<span data-ccp-props=\"{}\">\u00a0<\/span><\/li>\n<li>Akceptowanie innych koleg\u00f3w i kole\u017canki.<span data-ccp-props=\"{}\">\u00a0<\/span><\/li>\n<li>Podnoszenie w\u0142asnej sprawno\u015bci ruchowej.<span data-ccp-props=\"{}\">\u00a0<\/span><\/li>\n<\/ol>\n<p><span data-ccp-props=\"{}\">\u00a0<\/span><\/p>\n<h2 style=\"text-align: center;\"><b><i>II\u00a0\u00a0<\/i><\/b><b><i>\u00a0PATRONAT MEDIALN<\/i><\/b><b><i>Y<\/i><\/b><span data-ccp-props=\"{}\">\u00a0<\/span><\/h2>\n<p><span data-ccp-props=\"{}\">\u00a0<\/span><\/p>\n<ol>\n<li data-listid=\"2\" aria-setsize=\"-1\" data-aria-posinset=\"1\" data-aria-level=\"1\">Radio RMF\u00a0W\u0142oc\u0142awek<span data-ccp-props=\"{}\">\u00a0<\/span><\/li>\n<\/ol>\n<ol>\n<li data-listid=\"2\" aria-setsize=\"-1\" data-aria-posinset=\"2\" data-aria-level=\"1\">Gazeta Pomorska<span data-ccp-props=\"{}\">\u00a0<\/span><\/li>\n<\/ol>\n<ol>\n<li data-listid=\"2\" aria-setsize=\"-1\" data-aria-posinset=\"3\" data-aria-level=\"1\">Telewizja Kujawy W\u0142oc\u0142awek<span data-ccp-props=\"{}\">\u00a0<\/span><\/li>\n<\/ol>\n<ol>\n<li data-listid=\"2\" aria-setsize=\"-1\" data-aria-posinset=\"4\" data-aria-level=\"1\">Telewizja CW24<span data-ccp-props=\"{}\">\u00a0<\/span><\/li>\n<\/ol>\n<ol>\n<li data-listid=\"2\" aria-setsize=\"-1\" data-aria-posinset=\"5\" data-aria-level=\"1\">W\u0142oc\u0142awski Portal Internetowy q4<span data-ccp-props=\"{}\">\u00a0<\/span><\/li>\n<\/ol>\n<ol>\n<li data-listid=\"2\" aria-setsize=\"-1\" data-aria-posinset=\"6\" data-aria-level=\"1\">Promocje W\u0142oc\u0142awskie<span data-ccp-props=\"{}\">\u00a0<\/span><\/li>\n<\/ol>\n<p><span data-ccp-props=\"{&quot;335559685&quot;:420}\">\u00a0<\/span><\/p>\n<h2 style=\"text-align: center;\"><b><i>III<\/i><\/b><b><i>\u00a0 TERMIN IMPREZY<\/i><\/b><span data-ccp-props=\"{}\">\u00a0<\/span><\/h2>\n<p>25\u00a0Listopad 2017r.\u00a0\u00a0 godz. 9.00\u00a0\u2013 13.30<span data-ccp-props=\"{}\">\u00a0<\/span><\/p>\n<p><span data-ccp-props=\"{}\">\u00a0<\/span><\/p>\n<h2 style=\"text-align: center;\"><b><i>I<\/i><\/b><b><i>V MIEJSCE IMPREZY<\/i><\/b><span data-ccp-props=\"{}\">\u00a0<\/span><\/h2>\n<p>Teren: Hala Mistrz\u00f3w\u00a0\u00a0OSiR\u00a0W\u0142oc\u0142awek<span data-ccp-props=\"{}\">\u00a0<\/span><\/p>\n<p><span data-ccp-props=\"{}\">\u00a0<\/span><\/p>\n<h2 style=\"text-align: center;\"><b><i>V<\/i><\/b><b><i>\u00a0WARUNKI UCZESTNICTWA<\/i><\/b>\u00a0<span data-ccp-props=\"{}\">\u00a0<\/span><\/h2>\n<p><span data-ccp-props=\"{}\">\u00a0<\/span><\/p>\n<p>Uczestnicy do 50 roku \u017cycia bior\u0105 udzia\u0142 we wszystkich konkurencjach, starsi\u00a0od 61\u00a0roku \u017cycia\u00a0 wykonuj\u0105<span data-ccp-props=\"{&quot;335559685&quot;:360}\">\u00a0<\/span><\/p>\n<p>3 konkurencje \u2013 przygotowane przez organizatora. (mo\u017cliwo\u015b\u0107 sprawdzenia siebie w 8 konkurencjach)<span data-ccp-props=\"{}\">\u00a0<\/span><\/p>\n<p>Liczy si\u0119 najwy\u017csza ilo\u015b\u0107 punkt\u00f3w w poszczeg\u00f3lnych kategoriach wiekowych.\u00a0\u00a0<span data-ccp-props=\"{&quot;335559685&quot;:360}\">\u00a0<\/span><\/p>\n<p><span data-ccp-props=\"{}\">\u00a0<\/span><\/p>\n<p>W turnieju wezm\u0105 udzia\u0142:<span data-ccp-props=\"{&quot;335559685&quot;:360}\">\u00a0<\/span><\/p>\n<ul>\n<li>mieszka\u0144cy Dom\u00f3w Pomocy Spo\u0142ecznej,\u00a0oraz Dziennego Pobytu<span data-ccp-props=\"{&quot;335559685&quot;:360}\">\u00a0<\/span><\/li>\n<li>uczestnicy Warsztat\u00f3w\u00a0Terapii Zaj\u0119ciowej ul.\u00a0\u0141azienna,\u00a0Wiejska<span data-ccp-props=\"{&quot;335559685&quot;:360}\">\u00a0<\/span><\/li>\n<li>Zesp\u00f3\u0142 Szk\u00f3\u0142 Integracyjnych nr 1,<span data-ccp-props=\"{&quot;335559685&quot;:360}\">\u00a0<\/span><\/li>\n<li>Zesp\u00f3\u0142 Szk\u00f3\u0142 nr 3,<span data-ccp-props=\"{&quot;335559731&quot;:360}\">\u00a0<\/span><\/li>\n<li>Zesp\u00f3\u0142 Szk\u00f3\u0142 Samochodowych,<span data-ccp-props=\"{&quot;335559685&quot;:360}\">\u00a0<\/span><\/li>\n<li>Specjalny O\u015brodek Wychowawczy ul. Le\u015bna 3,<span data-ccp-props=\"{&quot;335559685&quot;:360}\">\u00a0<\/span><\/li>\n<li>Stowarzyszenie Pomocy Dzieciom i Doros\u0142ym z Niepe\u0142nosprawno\u015bci\u0105 Intelektualn\u0105\u00a0\u00a0Oligo\u00a0<span data-ccp-props=\"{&quot;335559685&quot;:360}\">\u00a0<\/span><\/li>\n<li>\u00a0Stowarzyszenie \u201eStar\u00f3wka\u201d<span data-ccp-props=\"{&quot;335559685&quot;:360}\">\u00a0<\/span><\/li>\n<li>Amazonki W\u0142oc\u0142awek<span data-ccp-props=\"{&quot;335559685&quot;:360}\">\u00a0<\/span><\/li>\n<li>W\u0142oc\u0142awskie\u00a0Stowarzyszenie Niepe\u0142nosprawnych \u201eEurointegracja\u201d,<span data-ccp-props=\"{&quot;335559685&quot;:360}\">\u00a0<\/span><\/li>\n<li>\u00a0\u00a0Szko\u0142a Podstawowa Nr 20<span data-ccp-props=\"{&quot;335559685&quot;:360}\">\u00a0<\/span><\/li>\n<li>\u00a0i inni ch\u0119tni niepe\u0142nosprawni z miasta W\u0142oc\u0142awek.<span data-ccp-props=\"{&quot;335559685&quot;:360}\">\u00a0<\/span><\/li>\n<\/ul>\n<p><span data-ccp-props=\"{}\">\u00a0<\/span><\/p>\n<p><b><i>VI<\/i><\/b><b><i>\u00a0 NAGRODY<\/i><\/b><b>\u00a0 &#8211;\u00a0\u00a0<\/b>przewidziane dyplomy\u00a0dla wszystkich\u00a0grup\u00a0uczestnicz\u0105cych w\u00a0\u00a0turnieju, puchary za I miejsce\u00a0w poszczeg\u00f3lnych\u00a0grupach z niepe\u0142nosprawno\u015bci\u0105, medale za miejsce na podium.<span data-ccp-props=\"{}\">\u00a0<\/span><\/p>\n<p>Nagrody i upominki dla uczestnik\u00f3w z najwy\u017csz\u0105 ilo\u015bci\u0105 punkt\u00f3w w poszczeg\u00f3lnych kategoriach wiekowych.\u00a0<span data-ccp-props=\"{}\">\u00a0<\/span><\/p>\n<p>Nagrody pocieszenia dla wszystkich.<span data-ccp-props=\"{}\">\u00a0<\/span><\/p>\n<p><span data-ccp-props=\"{}\">\u00a0<\/span><\/p>\n<h2 style=\"text-align: center;\"><b><i>V<\/i><\/b><b><i>II\u00a0\u00a0<\/i><\/b><b><i>\u00a0KWALIFIKACJE GRUP SPORTOWYCH<\/i><\/b><span data-ccp-props=\"{}\">\u00a0<\/span><\/h2>\n<p><span data-ccp-props=\"{}\">\u00a0<\/span><\/p>\n<p>Grupa pierwsza: Dzieci z niepe\u0142nosprawno\u015bci\u0105 w wieku\u00a0\u00a0\u00a0\u00a0\u00a0\u00a0\u00a0\u00a0\u00a0\u00a0\u00a07 \u2013\u00a0 12 lat\u00a0(K\/M)<span data-ccp-props=\"{}\">\u00a0<\/span><\/p>\n<p>Grupa druga :\u00a0\u00a0\u00a0\u00a0 M\u0142odzie\u017c z niepe\u0142nosprawno\u015bci\u0105\u00a0\u00a0\u00a0\u00a0\u00a0\u00a0\u00a0 13 \u2013\u00a0\u00a018 lat\u00a0(K\/M)<span data-ccp-props=\"{}\">\u00a0<\/span><\/p>\n<p>Grupa trzecia:\u00a0\u00a0\u00a0\u00a0 Pozosta\u0142e osoby z niepe\u0142nosprawno\u015bci\u0105\u00a0(K\/M)<span data-ccp-props=\"{}\">\u00a0<\/span><\/p>\n<p>Kobiety- kategorie wiekowe<span data-ccp-props=\"{&quot;335559685&quot;:2124}\">\u00a0<\/span><\/p>\n<p>19 \u2013 35 rok \u017cycia<span data-ccp-props=\"{&quot;335559685&quot;:2124}\">\u00a0<\/span><\/p>\n<p>36 \u2013 45 rok \u017cycia<span data-ccp-props=\"{&quot;335559685&quot;:2124}\">\u00a0<\/span><\/p>\n<p>46 \u2013 60 rok \u017cycia<span data-ccp-props=\"{&quot;335559685&quot;:2124}\">\u00a0<\/span><\/p>\n<p style=\"text-align: center;\">\u00a0\u00a0\u00a0\u00a0\u00a0\u00a0\u00a0\u00a0\u00a0\u00a0\u00a0\u00a0\u00a0\u00a0\u00a0\u00a0\u00a0\u00a0\u00a0\u00a0\u00a0\u00a0 Powy\u017cej\u00a0 61\u00a0roku \u017cycia<span data-ccp-props=\"{}\">\u00a0<\/span><\/p>\n<p><span data-ccp-props=\"{&quot;335559685&quot;:2124}\">\u00a0<\/span><\/p>\n<p>M\u0119\u017cczy\u017ani \u2013 kategorie wiekowe<span data-ccp-props=\"{&quot;335559685&quot;:2124}\">\u00a0<\/span><\/p>\n<p>19 \u2013 35 rok \u017cycia<span data-ccp-props=\"{&quot;335559685&quot;:2124}\">\u00a0<\/span><\/p>\n<p>36 \u2013 45 rok \u017cycia<span data-ccp-props=\"{&quot;335559685&quot;:2124}\">\u00a0<\/span><\/p>\n<p>46 \u2013 60 rok \u017cycia<span data-ccp-props=\"{&quot;335559685&quot;:2124}\">\u00a0<\/span><\/p>\n<p style=\"text-align: center;\">\u00a0\u00a0\u00a0\u00a0\u00a0\u00a0\u00a0\u00a0\u00a0\u00a0\u00a0\u00a0\u00a0\u00a0\u00a0\u00a0\u00a0\u00a0\u00a0\u00a0\u00a0\u00a0 Powy\u017cej\u00a0 61\u00a0roku \u017cycia<span data-ccp-props=\"{}\">\u00a0<\/span><\/p>\n<ol start=\"4\">\n<li>\u00a0\u00a0Grupa czwarta na w\u00f3zkach inwalidzkich\u00a0K\/M<span data-ccp-props=\"{}\">\u00a0<\/span><\/li>\n<li>\u00a0Grupa pi\u0105ta konkurencje dla zawodnik\u00f3w ociemnia\u0142ych i s\u0142abowidz\u0105cych K\/M<span data-ccp-props=\"{}\">\u00a0<\/span><\/li>\n<\/ol>\n<p style=\"text-align: left;\"><span data-ccp-props=\"{}\">\u00a0<\/span><b><i>VIII\u00a0\u00a0<\/i><\/b><b><i>\u00a0KONKURENCJE IMPREZY \u2013\u00a0<\/i><\/b><b>dla wszystkich uczestnik\u00f3w\u00a0 imprezy z<\/b><b><i>\u00a0<\/i><\/b><b>uwzgl\u0119dnieniem gr<\/b><b>up wiekowych\u00a0<\/b><b>w<\/b><b>szystkie konkurencje;\u00a0 powy\u017cej 6<\/b><b>1 roku \u017cycia \u2013\u00a0 3 konkurencje<\/b><b>, (opr\u00f3cz na w\u00f3zkach<\/b><b>\u00a0i s\u0142abowidz\u0105cych<\/b><b>)<\/b><span data-ccp-props=\"{}\">\u00a0<\/span><\/p>\n<p><img decoding=\"async\" loading=\"lazy\" class=\" wp-image-31 aligncenter\" src=\"http:\/\/eu-wsn.wloclawek.pl\/wp-content\/uploads\/2017\/11\/pirat-214x300.jpg\" alt=\"\" width=\"146\" height=\"205\" srcset=\"http:\/\/eurointegracja.pl\/wp-content\/uploads\/2017\/11\/pirat-214x300.jpg 214w, http:\/\/eurointegracja.pl\/wp-content\/uploads\/2017\/11\/pirat.jpg 499w\" sizes=\"(max-width: 146px) 100vw, 146px\" \/><\/p>\n<h2 style=\"text-align: center;\"><span class=\"TextRun SCXW87311160\" lang=\"PL-PL\" xml:lang=\"PL-PL\"><span class=\"NormalTextRun SCXW87311160\">KONKURENCJE PIRACKIE<\/span><\/span><\/h2>\n<p style=\"text-align: center;\"><strong><span class=\"TextRun SCXW28490796\" lang=\"PL-PL\" xml:lang=\"PL-PL\"><span class=\"NormalTextRun SCXW28490796\">(\u00a0<\/span><\/span><span class=\"TextRun SCXW28490796\" lang=\"PL-PL\" xml:lang=\"PL-PL\"><span class=\"NormalTextRun SCXW28490796\">zawodnik ma zakryte przepask\u0105 jedno oko)<\/span><\/span><\/strong><\/p>\n<p><span data-ccp-props=\"{&quot;335551550&quot;:2,&quot;335551620&quot;:2}\">\u00a0<\/span><\/p>\n<h2 style=\"text-align: center;\"><b>1 KONKURENCJA<\/b><b>\u00a0<\/b><span data-ccp-props=\"{}\">\u00a0<\/span><\/h2>\n<p><span data-ccp-props=\"{&quot;335551550&quot;:2,&quot;335551620&quot;:2}\">\u00a0<\/span><\/p>\n<p>1.Koz\u0142owanie w slalomie\u00a0 pi\u0142k\u0105 koszykow\u0105 mi\u0119dzy chor\u0105giewkami, zako\u0144czone rzutem do kosza \/2 x\/. Liczb\u0119 zdobytych punkt\u00f3w stanowi ilo\u015b\u0107 celnych rzut\u00f3w ( celny rzut 1pkt)\u00a0\u2013\u00a0<b>zawodnik ma zakryte przepask\u0105 jedno oko<\/b><span data-ccp-props=\"{&quot;335551550&quot;:6,&quot;335551620&quot;:6,&quot;335559685&quot;:360}\">\u00a0<\/span><\/p>\n<h2 style=\"text-align: center;\"><span data-ccp-props=\"{&quot;335551550&quot;:6,&quot;335551620&quot;:6}\">\u00a0<\/span><b>2 KONKURENCJA\u00a0\u00a0<\/b><span data-ccp-props=\"{}\">\u00a0<\/span><\/h2>\n<ol start=\"2\">\n<li>Rzuty k\u00f3\u0142eczkami gumowymi na pi\u0119cio-ramiennik\u00a0 (3 razy)<span data-ccp-props=\"{}\">\u00a0<\/span><\/li>\n<\/ol>\n<p>Zawodnik wykonuje\u00a0\u00a0 3\u00a0\u00a0 pr\u00f3by, liczy si\u0119 suma punkt\u00f3w\u00a0&#8211;<b>\u00a0<\/b><b>zawodnik ma zakryte przepask\u0105 jedno oko<\/b><span data-ccp-props=\"{&quot;335551550&quot;:6,&quot;335551620&quot;:6,&quot;335559685&quot;:360}\">\u00a0<\/span><\/p>\n<h2 style=\"text-align: center;\"><span data-ccp-props=\"{}\">\u00a0<\/span><b>3 KONKURENCJA\u00a0\u00a0<\/b><span data-ccp-props=\"{}\">\u00a0<\/span><\/h2>\n<p><span data-ccp-props=\"{&quot;335551550&quot;:2,&quot;335551620&quot;:2,&quot;335559685&quot;:360}\">\u00a0<\/span><\/p>\n<ol start=\"3\">\n<li>Ustawione 4 pud\u0142a\u00a0 jeden za drugim, 4 &#8211; rzuty woreczkami do pude\u0142: wyb\u00f3r pud\u0142a zale\u017cy od zawodnika. Ka\u017cdy celny rzut 1 pkt. Ilo\u015b\u0107 celnych rzut\u00f3w\u00a0stanowi ilo\u015b\u0107 zdobytych punkt\u00f3w<span data-ccp-props=\"{&quot;335551550&quot;:6,&quot;335551620&quot;:6,&quot;335559685&quot;:284}\">\u00a0<\/span><\/li>\n<\/ol>\n<p>W tej konkurencji mo\u017cna zdoby\u0107 4 punkty\u00a0\u00a0<b>zawodnik ma zakryte przepask\u0105 jedno oko<\/b><span data-ccp-props=\"{&quot;335551550&quot;:6,&quot;335551620&quot;:6,&quot;335559685&quot;:360}\">\u00a0<\/span><\/p>\n<p><span data-ccp-props=\"{&quot;335551550&quot;:6,&quot;335551620&quot;:6}\">\u00a0<\/span><\/p>\n<h2 style=\"text-align: center;\"><span data-ccp-props=\"{&quot;335551550&quot;:6,&quot;335551620&quot;:6}\">\u00a0<\/span><b>4 KONKURENCJA\u00a0\u00a0<\/b><span data-ccp-props=\"{}\">\u00a0<\/span><\/h2>\n<p><span data-ccp-props=\"{&quot;335551550&quot;:6,&quot;335551620&quot;:6,&quot;335559685&quot;:360}\">\u00a0<\/span><\/p>\n<ol start=\"4\">\n<li>Zbijanie figur \u2013 ryb i delfin\u00f3w(1 pkt za\u00a0zbicie)\u00a0\u00a0zbijanie woreczkiem\u00a0&#8211;\u00a0\u00a0(3 razy)<span data-ccp-props=\"{&quot;335551550&quot;:6,&quot;335551620&quot;:6}\">\u00a0<\/span><\/li>\n<\/ol>\n<p>Tak jak w kr\u0119glach.\u00a0\u00a0\u00a0<b>zawodnik ma zakryte przepask\u0105 jedno oko<\/b><span data-ccp-props=\"{&quot;335551550&quot;:6,&quot;335551620&quot;:6,&quot;335559685&quot;:360}\">\u00a0<\/span><\/p>\n<h2 style=\"text-align: center;\">\u00a0\u00a0<span data-ccp-props=\"{&quot;335551550&quot;:6,&quot;335551620&quot;:6}\">\u00a0<\/span><b>5 KONKURENCJA\u00a0\u00a0<\/b><span data-ccp-props=\"{}\">\u00a0<\/span><\/h2>\n<p><span data-ccp-props=\"{&quot;335551550&quot;:2,&quot;335551620&quot;:2}\">\u00a0<\/span><\/p>\n<ol start=\"5\">\n<li>Du\u017ca bramka. Rzut pi\u0142k\u0105 do wisz\u0105cych na tablicy\u00a0 rekin\u00f3w\u00a0(licz\u0105 si\u0119 pkt z tablicy)\u2013 3 rzuty\u00a0\u00a0<b>zawodnik ma zakryte przepask\u0105 jedno oko<\/b><span data-ccp-props=\"{&quot;335551550&quot;:6,&quot;335551620&quot;:6,&quot;335559685&quot;:360}\">\u00a0<\/span><\/li>\n<\/ol>\n<h2 style=\"text-align: center;\"><span data-ccp-props=\"{&quot;335551550&quot;:6,&quot;335551620&quot;:6,&quot;335559685&quot;:360}\">\u00a0<\/span><b>6 KONKURENCJA\u00a0\u00a0<\/b><span data-ccp-props=\"{}\">\u00a0<\/span><\/h2>\n<p><span data-ccp-props=\"{}\">\u00a0<\/span><\/p>\n<ol start=\"6\">\n<li>\u00a0 Przej\u015bcie nad bramk\u0105 lub slalom mi\u0119dzy bramkami trzymaj\u0105c\u00a0pi\u0142k\u0119 koszykowa przed sob\u0105 w czasie 15<span data-ccp-props=\"{&quot;335551550&quot;:6,&quot;335551620&quot;:6}\">\u00a0<\/span><\/li>\n<\/ol>\n<p>sek. Ilo\u015b\u0107 mini\u0119tych bramek\u00a0\u00a0stanowi\u00a0 ilo\u015b\u0107 zdobytych pkt.\u00a0<b>zawodnik ma zakryte przepask\u0105 jedno oko<\/b><span data-ccp-props=\"{&quot;335551550&quot;:6,&quot;335551620&quot;:6,&quot;335559685&quot;:360}\">\u00a0<\/span><\/p>\n<h2 style=\"text-align: center;\"><span data-ccp-props=\"{&quot;335551550&quot;:6,&quot;335551620&quot;:6}\">\u00a0<\/span><b>7 KONKURENCJA\u00a0\u00a0<\/b><span data-ccp-props=\"{}\">\u00a0<\/span><\/h2>\n<p><span data-ccp-props=\"{&quot;335551550&quot;:2,&quot;335551620&quot;:2}\">\u00a0<\/span><\/p>\n<ol start=\"7\">\n<li>Doko\u0144cz czapk\u0119 pirack\u0105 i ewentualnie pomaluj jedna z malowanek. Ju\u017c masz nagrod\u0119 gdy wykonasz to<\/li>\n<\/ol>\n<p>zadanie.\u00a0<b>zawodnik ma zakryte przepask\u0105 jedno oko<\/b><span data-ccp-props=\"{&quot;335551550&quot;:6,&quot;335551620&quot;:6,&quot;335559685&quot;:360}\">\u00a0<\/span><\/p>\n<p><span data-ccp-props=\"{&quot;335551550&quot;:6,&quot;335551620&quot;:6}\">\u00a0<\/span><\/p>\n<p><b>Grupa IV\u00a0<\/b><b>\u00a0konkurencje dla zawodnik\u00f3w\u00a0<\/b><b>\u00a0na w\u00f3zkach K\/M<\/b><span data-ccp-props=\"{&quot;335551550&quot;:6,&quot;335551620&quot;:6,&quot;335559740&quot;:480}\">\u00a0<\/span><\/p>\n<p><span data-ccp-props=\"{&quot;335551550&quot;:6,&quot;335551620&quot;:6}\">\u00a0<\/span><\/p>\n<ol>\n<li>1. Du\u017ca bramka. Rzut pi\u0142k\u0105 do wisz\u0105cych na tablicy\u00a0 rekin\u00f3w\u00a0(licz\u0105 si\u0119 pkt z tablicy)\u2013 3 rzuty\u00a0\u00a0<b>zawodnik ma<\/b><span data-ccp-props=\"{&quot;335551550&quot;:6,&quot;335551620&quot;:6,&quot;335559685&quot;:360}\">\u00a0<\/span><b style=\"font-size: 1rem;\">zakryte przepask\u0105 jedno oko<\/b><span style=\"font-size: 1rem;\" data-ccp-props=\"{&quot;335551550&quot;:6,&quot;335551620&quot;:6,&quot;335559685&quot;:360}\">\u00a0<\/span><\/li>\n<\/ol>\n<p><span data-ccp-props=\"{&quot;335551550&quot;:6,&quot;335551620&quot;:6,&quot;335559685&quot;:360}\">\u00a0<\/span><\/p>\n<ol start=\"2\">\n<li>Ustawione 4 pud\u0142a\u00a0 jeden za drugim, 4 &#8211; rzuty woreczkami do pude\u0142: wyb\u00f3r pud\u0142a zale\u017cy od zawodnika.<span data-ccp-props=\"{&quot;335551550&quot;:6,&quot;335551620&quot;:6,&quot;335559685&quot;:284}\">\u00a0<\/span><\/li>\n<\/ol>\n<p>Ka\u017cdy celny rzut 1 pkt\u00a0. Ilo\u015b\u0107 celnych rzut\u00f3w\u00a0\u00a0stanowi ilo\u015b\u0107 zdobytych punkt\u00f3w<span data-ccp-props=\"{&quot;335551550&quot;:6,&quot;335551620&quot;:6,&quot;335559685&quot;:284}\">\u00a0<\/span><\/p>\n<p>W tej konkurencji mo\u017cna zdoby\u0107 4 punkty\u00a0\u00a0<b>zawodnik ma zakryte przepask\u0105 jedno oko<\/b><span data-ccp-props=\"{&quot;335551550&quot;:6,&quot;335551620&quot;:6,&quot;335559685&quot;:360}\">\u00a0<\/span><\/p>\n<p><span data-ccp-props=\"{&quot;335551550&quot;:6,&quot;335551620&quot;:6,&quot;335559740&quot;:360}\">\u00a0<\/span><\/p>\n<ol start=\"3\">\n<li>3<b>.\u00a0<\/b><b>\u00a0<\/b>Rzuty \u2013 3 razy lotkami do tarczy. Liczy si\u0119 suma zdobytych pkt\u00a0z tablicy<span data-ccp-props=\"{&quot;335551550&quot;:6,&quot;335551620&quot;:6,&quot;335559740&quot;:360}\">\u00a0<\/span><\/li>\n<\/ol>\n<p><span data-ccp-props=\"{&quot;335551550&quot;:6,&quot;335551620&quot;:6}\">\u00a0<\/span><\/p>\n<p><b>Grupa\u00a0 V\u00a0\u00a0\u00a0\u00a0\u00a0<\/b><b>konkurencje dla zawodnik\u00f3w ociemnia\u0142ych i s\u0142abowidz\u0105cych K\/M<\/b><span data-ccp-props=\"{}\">\u00a0<\/span><\/p>\n<p><span data-ccp-props=\"{}\">\u00a0<\/span><\/p>\n<ol>\n<li data-listid=\"16\" aria-setsize=\"-1\" data-aria-posinset=\"1\" data-aria-level=\"1\">Rzut pi\u0142k\u0105\u00a0 do ud\u017awi\u0119kowionego kosza \u2013 3 rzuty, za ka\u017cdy celny rzut 1 punkt.<span data-ccp-props=\"{}\">\u00a0<\/span><\/li>\n<\/ol>\n<p><span data-ccp-props=\"{&quot;335559685&quot;:1080}\">\u00a0<\/span><\/p>\n<ol>\n<li data-listid=\"16\" aria-setsize=\"-1\" data-aria-posinset=\"2\" data-aria-level=\"1\">Rzuty woreczkiem do ustawionego na pod\u0142o\u017cu kosza (D\u017awi\u0119k) \u2013 3 rzuty, za ka\u017cdy celny rzut 1 pkt<span data-ccp-props=\"{}\">\u00a0<\/span><\/li>\n<\/ol>\n<p><span data-ccp-props=\"{&quot;335559685&quot;:708}\">\u00a0<\/span><\/p>\n<ol start=\"3\">\n<li>\u00a0 Du\u017ca bramka. Rzut pi\u0142k\u0105 do wisz\u0105cych na tablicy\u00a0 rekin\u00f3w &#8211; d\u017awi\u0119k\u00a0 (licz\u0105 si\u0119 pkt z tablicy) \u2013 3<span data-ccp-props=\"{&quot;335551550&quot;:6,&quot;335551620&quot;:6}\">\u00a0<\/span><span style=\"font-size: 1rem;\">rzuty\u00a0\u00a0<\/span><span style=\"font-size: 1rem;\" data-ccp-props=\"{&quot;335551550&quot;:6,&quot;335551620&quot;:6}\">\u00a0<\/span><\/li>\n<\/ol>\n<p>W trakcie zawod\u00f3w posi\u0142ek zagwarantowany\u00a0dla zawodnik\u00f3w i opiekuna.<span data-ccp-props=\"{&quot;335551550&quot;:6,&quot;335551620&quot;:6}\">\u00a0<\/span><\/p>\n<p><span data-ccp-props=\"{&quot;335551550&quot;:6,&quot;335551620&quot;:6}\">\u00a0<\/span><\/p>\n<p><b>\u00a0<\/b><b>Mog\u0105 nast\u0105pi\u0107\u00a0 zmiany w\u00a0<\/b><b>podanym regulaminie konkurencji<\/b><span data-ccp-props=\"{}\">\u00a0<\/span><\/p>\n<h1 style=\"text-align: center;\"><span data-ccp-props=\"{}\">\u00a0<\/span><em><b>Kontakt:<\/b>\u00a0\u00a0Barbara Schwarz kom\u00f3rka 781-786-701 lub 782-500-052\u00a0<\/em><\/h1>\n<p>W\u0142oc\u0142awskie Stowarzyszenie\u00a0\u00a0Niepe\u0142nosprawnych \u201eEUROINTEGRACJA\u201d we W\u0142oc\u0142awku ul. Chopina 10\/12 ;<span data-ccp-props=\"{}\">\u00a0<\/span><\/p>\n<p>e-mail Barbara Schwarz\u00a0<a href=\"mailto:b.schwarz@wp.pl\">b.schwarz@wp.pl<\/a>\u00a0\u00a0&#8211;\u00a0\u00a0przes\u0142a\u0107 zg\u0142oszenie do 10 listopada 2017<span data-ccp-props=\"{}\">\u00a0<\/span><\/p>\n<p><span data-ccp-props=\"{}\">\u00a0<\/span><\/p>\n<h1 style=\"text-align: center;\"><span data-ccp-props=\"{}\">\u00a0<\/span><b>SERDECZNIE ZAPRASZAMY<\/b><span data-ccp-props=\"{&quot;335551550&quot;:2,&quot;335551620&quot;:2}\">\u00a0<\/span><\/h1>\n<p><span data-ccp-props=\"{&quot;335551550&quot;:2,&quot;335551620&quot;:2}\">\u00a0<\/span><\/p>\n<p style=\"text-align: center;\"><b>w<\/b><b>\u00a0sobot\u0119\u00a0<\/b><b>godzina\u00a0\u00a0\u00a0\u00a0<\/b><b>\u00a0\u00a0\u00a0\u00a0\u00a0<\/b><b>9.10 otwarcie turnieju<\/b><span data-ccp-props=\"{&quot;335551550&quot;:2,&quot;335551620&quot;:2}\">\u00a0<\/span><\/p>\n<p style=\"text-align: center;\"><b>\u00a0<\/b><b>\u00a0<\/b><b>\u00a0<\/b><b>\u00a0<\/b><b>godzina\u00a0\u00a0<\/b><b>\u00a0\u00a0<\/b><b>\u00a0<\/b><b>\u00a0\u00a0<\/b><b>13.3<\/b><b>0\u00a0<\/b><b>\u00a0<\/b><b>zako\u0144czenie\u00a0<\/b><span data-ccp-props=\"{}\">\u00a0<\/span><\/p>\n<p style=\"text-align: center;\"><span data-ccp-props=\"{}\">\u00a0<\/span><b>Sp\u0119dzimy czas\u00a0<\/b><b>w dobrej,<\/b><span data-ccp-props=\"{&quot;335551550&quot;:2,&quot;335551620&quot;:2}\">\u00a0<\/span><\/p>\n<p style=\"text-align: center;\"><b>atmosferze.<\/b><span data-ccp-props=\"{&quot;335551550&quot;:2,&quot;335551620&quot;:2}\">\u00a0<\/span><\/p>\n<p><img decoding=\"async\" loading=\"lazy\" class=\"size-full wp-image-32\" src=\"http:\/\/eu-wsn.wloclawek.pl\/wp-content\/uploads\/2017\/11\/Statek.jpg\" alt=\"\" width=\"160\" height=\"170\" \/><\/p>\n<p><span data-ccp-props=\"{&quot;335551550&quot;:2,&quot;335551620&quot;:2}\">\u00a0<\/span><\/p>\n<h1 style=\"text-align: center;\"><em><span style=\"color: #0000ff;\"><b>\u017byczymy wszystkim wspania\u0142ej zabawy,\u00a0<\/b>\u00a0<\/span><span style=\"color: #0000ff;\"><b>doskona\u0142ych humor\u00f3w<\/b><b>\u00a0<\/b><b>oraz sprawdzenia samego siebie<\/b>\u00a0<\/span><\/em><\/h1>\n<h1 style=\"text-align: center;\"><span data-ccp-props=\"{&quot;335551550&quot;:2,&quot;335551620&quot;:2}\">\u00a0<\/span><span style=\"color: #ff0000;\"><strong>BeActive\u00a0 (B\u0105d\u017a Aktywny)\u00a0\u00a0<\/strong><\/span><\/h1>\n","protected":false},"excerpt":{"rendered":"<p>&nbsp; \u201eImpreza\u00a0Rekreacyjno-Sportowa\u00a0\u00a0 \u2013\u00a0 X Piracki\u00a0Turniej Integracyjno-Sportowy\u00a0Os\u00f3b Niepe\u0142nosprawnych\u201d \u00a0 Os\u00f3b niepe\u0142nosprawnych miasta W\u0142oc\u0142awek\u00a0\u00a02017\u00a0 &nbsp; Organizator \u2013 W\u0142oc\u0142awskie Stowarzyszenie Niepe\u0142nosprawnych \u201eEurointegracja\u201d W\u0142oc\u0142awek dzi\u0119ki\u00a0przyznanym\u00a0\u00a0\u015brodkom\u00a0z Urz\u0119du Miasta W\u0142oc\u0142awek Biura\u00a0Sportu i Turystyki\u00a0 \u00a0 I\u00a0\u00a0 CEL I ZA\u0141O\u017bENIA IMPREZY\u00a0 &nbsp; Upowszechnianie \u201esportu dla wszystkich\u201d, aktywnego i prozdrowotnego stylu \u017cycia.\u00a0 Aktywizacja \u015brodowisk niepe\u0142nosprawnych celem rozwijania i popularyzowania\u00a0\u00a0 czynnej rekreacji.\u00a0 Ruch jako forma &hellip; <\/p>\n<p class=\"link-more\"><a href=\"http:\/\/eurointegracja.pl\/?p=29\" class=\"more-link\">Czytaj dalej<span class=\"screen-reader-text\"> \u201ePiracki\u00a0Turniej\u201d<\/span><\/a><\/p>\n","protected":false},"author":1,"featured_media":0,"comment_status":"open","ping_status":"open","sticky":false,"template":"","format":"standard","meta":[],"categories":[4],"tags":[],"_links":{"self":[{"href":"http:\/\/eurointegracja.pl\/index.php?rest_route=\/wp\/v2\/posts\/29"}],"collection":[{"href":"http:\/\/eurointegracja.pl\/index.php?rest_route=\/wp\/v2\/posts"}],"about":[{"href":"http:\/\/eurointegracja.pl\/index.php?rest_route=\/wp\/v2\/types\/post"}],"author":[{"embeddable":true,"href":"http:\/\/eurointegracja.pl\/index.php?rest_route=\/wp\/v2\/users\/1"}],"replies":[{"embeddable":true,"href":"http:\/\/eurointegracja.pl\/index.php?rest_route=%2Fwp%2Fv2%2Fcomments&post=29"}],"version-history":[{"count":2,"href":"http:\/\/eurointegracja.pl\/index.php?rest_route=\/wp\/v2\/posts\/29\/revisions"}],"predecessor-version":[{"id":548,"href":"http:\/\/eurointegracja.pl\/index.php?rest_route=\/wp\/v2\/posts\/29\/revisions\/548"}],"wp:attachment":[{"href":"http:\/\/eurointegracja.pl\/index.php?rest_route=%2Fwp%2Fv2%2Fmedia&parent=29"}],"wp:term":[{"taxonomy":"category","embeddable":true,"href":"http:\/\/eurointegracja.pl\/index.php?rest_route=%2Fwp%2Fv2%2Fcategories&post=29"},{"taxonomy":"post_tag","embeddable":true,"href":"http:\/\/eurointegracja.pl\/index.php?rest_route=%2Fwp%2Fv2%2Ftags&post=29"}],"curies":[{"name":"wp","href":"https:\/\/api.w.org\/{rel}","templated":true}]}}