{"id":5684,"date":"2020-01-12T21:26:36","date_gmt":"2020-01-12T21:26:36","guid":{"rendered":"http:\/\/eu-wsn.wloclawek.pl\/?p=5684"},"modified":"2020-01-12T21:26:36","modified_gmt":"2020-01-12T21:26:36","slug":"zebranie-czlonkow-stowarzyszenia-2","status":"publish","type":"post","link":"http:\/\/eurointegracja.pl\/?p=5684","title":{"rendered":"Zebranie Cz\u0142onk\u00f3w Stowarzyszenia"},"content":{"rendered":"\n<p><\/p>\n\n\n\n<p><\/p>\n\n\n\n<p class=\"has-text-align-center has-huge-font-size\"><strong>OG\u0141OSZENIE<\/strong><\/p>\n\n\n\n<p class=\"has-text-align-center has-large-font-size\">W\u0141OC\u0141AWSKIE STOWARZYSZENIE NIEPE\u0141NOSPRAWNYCH \u201eEUROINTEGRACJA\u201d<\/p>\n\n\n\n<p class=\"has-text-align-center has-large-font-size\">informuje<\/p>\n\n\n\n<p class=\"has-text-color has-text-align-center has-medium-font-size has-luminous-vivid-amber-color\"><strong>Zebranie Cz\u0142onk\u00f3w Stowarzyszenia<\/strong><\/p>\n\n\n\n<p class=\"has-text-color has-text-align-center has-medium-font-size has-luminous-vivid-amber-color\"><strong>odb\u0119dzie si\u0119<\/strong><\/p>\n\n\n\n<p class=\"has-text-color has-text-align-center has-large-font-size has-vivid-red-color\"><strong>17 stycznia (pi\u0105tek) 2020 roku<\/strong><\/p>\n\n\n\n<p style=\"font-size:28px\" class=\"has-text-color has-text-align-center has-vivid-red-color\"><strong>o godzinie 16.00<\/strong><\/p>\n\n\n\n<p class=\"has-text-align-center has-medium-font-size\">w Sali Konferencyjnej mieszcz\u0105cej si\u0119<\/p>\n\n\n\n<p class=\"has-text-align-center has-medium-font-size\">w budynku g\u0142\u00f3wnym stadionu<\/p>\n\n\n\n<p style=\"font-size:25px\" class=\"has-text-align-center\">we W\u0142oc\u0142awku<\/p>\n\n\n\n<p style=\"font-size:25px\" class=\"has-text-align-center\">ul. Chopina 8<\/p>\n\n\n\n<p><\/p>\n\n\n\n<p style=\"font-size:50px\" class=\"has-text-align-center\"><strong>ZAPRASZAMY<\/strong><\/p>\n","protected":false},"excerpt":{"rendered":"<p>OG\u0141OSZENIE W\u0141OC\u0141AWSKIE STOWARZYSZENIE NIEPE\u0141NOSPRAWNYCH \u201eEUROINTEGRACJA\u201d informuje Zebranie Cz\u0142onk\u00f3w Stowarzyszenia odb\u0119dzie si\u0119 17 stycznia (pi\u0105tek) 2020 roku o godzinie 16.00 w Sali Konferencyjnej mieszcz\u0105cej si\u0119 w budynku g\u0142\u00f3wnym stadionu we W\u0142oc\u0142awku ul. Chopina 8 ZAPRASZAMY<\/p>\n","protected":false},"author":1,"featured_media":0,"comment_status":"open","ping_status":"open","sticky":false,"template":"","format":"standard","meta":[],"categories":[4],"tags":[],"_links":{"self":[{"href":"http:\/\/eurointegracja.pl\/index.php?rest_route=\/wp\/v2\/posts\/5684"}],"collection":[{"href":"http:\/\/eurointegracja.pl\/index.php?rest_route=\/wp\/v2\/posts"}],"about":[{"href":"http:\/\/eurointegracja.pl\/index.php?rest_route=\/wp\/v2\/types\/post"}],"author":[{"embeddable":true,"href":"http:\/\/eurointegracja.pl\/index.php?rest_route=\/wp\/v2\/users\/1"}],"replies":[{"embeddable":true,"href":"http:\/\/eurointegracja.pl\/index.php?rest_route=%2Fwp%2Fv2%2Fcomments&post=5684"}],"version-history":[{"count":1,"href":"http:\/\/eurointegracja.pl\/index.php?rest_route=\/wp\/v2\/posts\/5684\/revisions"}],"predecessor-version":[{"id":5685,"href":"http:\/\/eurointegracja.pl\/index.php?rest_route=\/wp\/v2\/posts\/5684\/revisions\/5685"}],"wp:attachment":[{"href":"http:\/\/eurointegracja.pl\/index.php?rest_route=%2Fwp%2Fv2%2Fmedia&parent=5684"}],"wp:term":[{"taxonomy":"category","embeddable":true,"href":"http:\/\/eurointegracja.pl\/index.php?rest_route=%2Fwp%2Fv2%2Fcategories&post=5684"},{"taxonomy":"post_tag","embeddable":true,"href":"http:\/\/eurointegracja.pl\/index.php?rest_route=%2Fwp%2Fv2%2Ftags&post=5684"}],"curies":[{"name":"wp","href":"https:\/\/api.w.org\/{rel}","templated":true}]}}