{"id":5800,"date":"2020-08-12T19:01:32","date_gmt":"2020-08-12T19:01:32","guid":{"rendered":"http:\/\/eu-wsn.wloclawek.pl\/?p=5800"},"modified":"2020-08-12T19:01:32","modified_gmt":"2020-08-12T19:01:32","slug":"sprawozdanie-2019","status":"publish","type":"post","link":"http:\/\/eurointegracja.pl\/?p=5800","title":{"rendered":"Sprawozdanie 2019"},"content":{"rendered":"\n<p class=\"has-text-align-center\"><strong>Dzia\u0142alno\u015bci\u00a0 statutowej <\/strong><\/p>\n\n\n\n<p class=\"has-text-align-center\"><strong>W.S.N. &#8222;Eurointegracja&#8221; W\u0142oc\u0142awek<\/strong>&nbsp;<\/p>\n\n\n\n<p class=\"has-text-align-center\"><strong>za 2019 roku<\/strong><\/p>\n\n\n\n<p class=\"has-text-align-center\"><strong>Sprawozdanie\u00a0<\/strong>\u00a0<strong>z\u00a0<\/strong>\u00a0<strong>Dzia\u0142alno\u015bci\u00a0 statutowej<\/strong>\u00a0<br><strong>W.S.N. &#8222;Eurointegracja&#8221; W\u0142oc\u0142awek<\/strong>\u00a0<strong>za 2019 roku<\/strong>\u00a0<\/p>\n\n\n\n<figure class=\"wp-block-table\"><table><tbody><tr><td><strong>Lp.<\/strong>&nbsp;<\/td><td><strong><em>Data<\/em><\/strong>&nbsp;<\/td><td><strong><em>Tre\u015b\u0107<\/em><\/strong>&nbsp;<\/td><\/tr><tr><td><strong><\/strong>&nbsp;<strong><\/strong>&nbsp;<strong>1.<\/strong>&nbsp;<\/td><td><strong><\/strong>&nbsp;<strong><\/strong>&nbsp;<strong>stycze\u0144 2019<\/strong>&nbsp;<\/td><td><strong><\/strong>&nbsp;<strong>Udzia\u0142&nbsp; Zarz\u0105du&nbsp;i cz\u0142onk\u00f3w Stowarzyszenia w<\/strong><strong>&nbsp;XIV<\/strong><strong>&nbsp;<\/strong><strong>Koncercie Wielu Serc<\/strong><strong>&nbsp; zorganizowanym przez OLIGO<\/strong>&nbsp;<strong><\/strong>&nbsp;<\/td><\/tr><tr><td><strong><\/strong>&nbsp;<strong>&nbsp;&nbsp;&nbsp; 2.<\/strong>&nbsp;<\/td><td><strong><\/strong>&nbsp;<strong>15 stycze\u0144 2019<\/strong>&nbsp;<\/td><td><strong>Zebranie Zarz\u0105du \u2013&nbsp;<\/strong><strong>podzi\u0119kowanie cz\u0142onkom Zarz\u0105du Stowarzyszenia<\/strong><strong>&nbsp;za prac\u0119 spo\u0142eczn\u0105 w minionym okresie oraz cz\u0142onkom Stowarzyszenia<\/strong>&nbsp;<strong>Rozdanie medali i czekolad<\/strong>&nbsp;<\/td><\/tr><tr><td><strong>3.<\/strong>&nbsp;<\/td><td><strong>02.01.2019 &#8211;<\/strong>&nbsp;<strong>15.12.2019<\/strong>&nbsp;<\/td><td><strong>\u201eUpowszechnianie kultury fizycznej poprzez wspieranie organizacji szkolenia sportowego dzieci i m\u0142odzie\u017cy, organizacji sparing\u00f3w, meczy kontrolnych w klubach sportowych dzia\u0142aj\u0105cych na terenie Gminy Miasto W\u0142oc\u0142awek, oraz&nbsp;udzia\u0142&nbsp; we&nbsp;wsp\u00f3\u0142zawodnictwie sportowym organizowanym przez w\u0142a\u015bciwe zwi\u0105zki sportowe\u201d<\/strong>&nbsp;Tytu\u0142 zadania:&nbsp;<strong>\u201eSzkolenie sportowe dzieci i m\u0142odzie\u017cy niepe\u0142nosprawnej\u201d.<\/strong>&nbsp;<strong>ZAWODY<\/strong>&nbsp;1\/ Turniej&nbsp;Bowlingowy&nbsp;(W\u0142oc\u0142awek) dla cz\u0142onk\u00f3w Eurointegracji na Kr\u0119gielni&nbsp;Sportbowling&nbsp;we W\u0142oc\u0142awku uczestniczy\u0142o 40 os\u00f3b&nbsp;2\/<strong>&nbsp;&nbsp;<\/strong>Zawody&nbsp;w kr\u0119gle klasyczne (Brodnica) \u2013 uczestniczy\u0142o&nbsp;&nbsp;49 os\u00f3b&nbsp;&nbsp;&nbsp;&nbsp;&nbsp;&nbsp;&nbsp;&nbsp;<strong>27-28 czerwca 2019r. Brodnica \u2013&nbsp;Rypin<\/strong><strong>&nbsp;&nbsp;<\/strong><strong>(wycieczka sportowo-rekreacyjna)<\/strong>&nbsp;<strong>RYPIN \u2013 warsztaty&nbsp;edukacyjne&nbsp; w&nbsp;Muzeum Ziemi Kujawskiej i Dobrzy\u0144skiej \u2013 49 os\u00f3b<\/strong>&nbsp;&nbsp;3\/ Turniej na weso\u0142o \u201eMama z rodzin\u0105 na bowlingu&nbsp;&nbsp;&nbsp;&nbsp;27 .05.2019&nbsp;&nbsp;&nbsp; uczestniczy\u0142o 30 os\u00f3b&nbsp;&nbsp;5\/ XVIII Mi\u0119dzynarodowa Spartakiada Os\u00f3b Niepe\u0142nosprawnych \u2013 udzia\u0142 naszego Stowarzyszenia \u2013 48 os\u00f3b \u2013 14.09.2019&nbsp;<\/td><\/tr><tr><td><strong>4.<\/strong>&nbsp;<\/td><td><strong>22.02.2019<\/strong>&nbsp;<\/td><td><strong>Bal Walentynkowy<\/strong><strong>&nbsp;pn. \u201eTo serduszko jest tylko dla Ciecie\u201d w Restauracji pod Kogutem<\/strong>&nbsp;<\/td><\/tr><tr><td><strong>5.<\/strong>&nbsp;<\/td><td><strong>8.03.2019<\/strong>&nbsp;<\/td><td><strong>Spotkanie z okazji Dnia Kobiet w Restauracji RIVERSAID<\/strong><strong>&nbsp;\u2013 \u017cyczenia i wsp\u00f3lny obiad<\/strong>&nbsp;<\/td><\/tr><tr><td><strong>6.<\/strong>&nbsp;<\/td><td><strong>7.04.2019<\/strong>&nbsp;<\/td><td><strong>Spotkanie Wielkanocne Restauracja \u201epod Kogutem<\/strong><strong>\u201d \u2013 uczestniczy\u0142o 100 os\u00f3b<\/strong>&nbsp;<\/td><\/tr><tr><td><strong>7.<\/strong>&nbsp;<\/td><td><strong>26.04.2019<\/strong>&nbsp;<\/td><td><strong>Prezentacje Tw\u00f3rczo\u015bci os\u00f3b Niepe\u0142nosprawnych&nbsp;<\/strong><strong>\u201eM\u00f3j \u015bwiat \u2013 moje \u017cycie\u201d w wykonaniu Grupy Teatralnej&nbsp;EURO&nbsp; \u201eWeso\u0142y Poci\u0105g\u201d<\/strong><strong>&nbsp;( 50 os\u00f3b na scenie)<\/strong>&nbsp;<\/td><\/tr><tr><td><strong>8.<\/strong>&nbsp;<\/td><td><strong>27.05.2019 \u2013 23.03.2020<\/strong>&nbsp;<\/td><td><strong>IV Edycja konkursu Grantowego FUNDACJI \u201eAnwil dla W\u0142oc\u0142awka\u201d&nbsp;<\/strong><strong>Ocali\u0107 od zapomnienia&nbsp;<\/strong><strong>pn<\/strong><strong>.\u201d Tu jest moje miejsce \u2013 tu jest m\u00f3j&nbsp;dom<\/strong><strong>\u201d-&nbsp;uczestniczy\u0142o 200 os\u00f3b<\/strong>&nbsp;1)&nbsp; Warsztaty wokalne&nbsp;przygotowuj\u0105ce&nbsp;wyst\u0119p \u201ePie\u015bni patriotycznych\u201d, kt\u00f3re zako\u0144czone zostan\u0105 wsp\u00f3lnym&nbsp;\u015bpiewem&nbsp; \u201e\u015apiewamy pie\u015bni patriotyczne\u201d.&nbsp;2) Warsztaty taneczne&nbsp;&#8211;&nbsp;&nbsp;nauka&nbsp;ta\u0144ca narodowego \u201ePoloneza\u201d&nbsp;3) Realizacja etap\u00f3w \u2013 spacerkiem po W\u0142oc\u0142awku&nbsp;&nbsp;&lt; zwiedzania muze\u00f3w \u2013 Muzeum Etnograficzne ul. Bulwary im.&nbsp;&nbsp;4) Przeprowadzenie typowej lekcji&nbsp;historii&nbsp; II&nbsp;Liceum Og\u00f3lnokszta\u0142c\u0105cym i. Miko\u0142aja Kopernika, ul. Urocza 3 \u2013 udzia\u0142 naszych beneficjent\u00f3w&nbsp;5)&nbsp;Wystawa plastyczna \u2013 wystawa pami\u0105tek rodzinnych \u201ePami\u0105tki z dawnych lat\u201d&nbsp;&nbsp;6) Wystawa&nbsp;fotograficzna&nbsp;&nbsp;pn.&nbsp;\u201dM\u00f3j W\u0142oc\u0142awek \u2013 Tylko M\u00f3j\u201d.&nbsp;<\/td><\/tr><tr><td><strong>9.<\/strong>&nbsp;<\/td><td><strong>9.06.2019<\/strong>&nbsp;<\/td><td><strong>Organizacja&nbsp;&nbsp;<\/strong><strong>VI&nbsp; Olimpiady Hefajstosa W\u0142oc\u0142awek \u2013 2019&nbsp;&nbsp;&nbsp;<\/strong><strong>dla os\u00f3b niepe\u0142nosprawnych \u2013 uczestniczy\u0142o 420 os\u00f3b z W\u0142oc\u0142awka i&nbsp; woj. Kujawsko-pomorskiego&nbsp;<\/strong>&nbsp;<\/td><\/tr><tr><td><strong><\/strong>&nbsp;<strong><\/strong>&nbsp;<strong>10.<\/strong>&nbsp;<\/td><td><strong><\/strong>&nbsp;<strong><\/strong>&nbsp;<strong><\/strong>&nbsp;<strong>02.01. 2019 do 15.12.2019<\/strong>&nbsp;<strong><\/strong>&nbsp;<strong><\/strong>&nbsp;<strong><\/strong>&nbsp;<strong><\/strong>&nbsp;<strong><\/strong>&nbsp;<strong><\/strong>&nbsp;<strong><\/strong>&nbsp;<strong><\/strong>&nbsp;<strong><\/strong>&nbsp;<strong><\/strong>&nbsp;<strong><\/strong>&nbsp;<strong><\/strong>&nbsp;<\/td><td><strong>Urz\u0105d Miasta W\u0142oc\u0142awek&nbsp;&nbsp;&nbsp;<\/strong>Biuro&nbsp;Sportu&nbsp; i&nbsp;Turystyki-realizacja zadania :&nbsp;<strong>\u201eUpowszechnianie kultury fizycznej poprzez wspieranie organizacji zawod\u00f3w i imprez sportowych oraz sportowo-rekreacyjnych na terenie miasta&nbsp;W\u0142oc\u0142awek \u201d.<\/strong>&nbsp;Tytu\u0142 zadania: \u201eOrganizacja XIV edycji rozgrywek W\u0142oc\u0142awskiej Ligii Koszyk\u00f3wki Amatorskiej,&nbsp;&nbsp;1\/<strong>Przeprowadzone turnieje koszyk\u00f3wki<\/strong>&nbsp;<strong>WLKA<\/strong>&nbsp;02.01.2019 \u2013 30.06.2019 \u2013 udzia\u0142 300 os\u00f3b&nbsp;&nbsp;<strong>2\/<\/strong><strong>\u201e<\/strong><strong>Impreza Rekreacyjno-Sportowa&nbsp;&nbsp; \u2013&nbsp; IX Turniej Integracyjno-Sportowy Os\u00f3b Niepe\u0142nosprawnych\u201d Turniej Patriotyczny<\/strong>&nbsp;dla&nbsp; os\u00f3b&nbsp;niepe\u0142nosprawnych miasta W\u0142oc\u0142awek&nbsp;<strong>&nbsp;<\/strong>&nbsp;<strong>9.11.2019&nbsp;&nbsp;&nbsp;&nbsp;&nbsp;<\/strong>udzia\u0142 200 os\u00f3b&nbsp;<strong><\/strong>&nbsp;<\/td><\/tr><tr><td><strong><\/strong>&nbsp;<strong>11.<\/strong>&nbsp;<\/td><td><strong><\/strong>&nbsp;<strong><\/strong>&nbsp;<strong><\/strong>&nbsp;<strong>01.02.2019&nbsp; do&nbsp;15.12.2019<\/strong>&nbsp;<strong><\/strong>&nbsp;<strong><\/strong>&nbsp;<\/td><td><strong>Urz\u0105d Miasta W\u0142oc\u0142awek&nbsp;&nbsp;<\/strong>&nbsp;Referat Promocji Zdrowia i Polityki<strong>&nbsp;<\/strong>Spo\u0142ecznej<strong>&nbsp;<\/strong>&nbsp;<strong>\u201eProfilaktyka uzale\u017cnie\u0144 i przeciwdzia\u0142anie patologiom spo\u0142ecznym\u201d&nbsp;<\/strong>&nbsp;<strong>Zad.7&nbsp;<\/strong>Organizowanie pozalekcyjnych zaj\u0119\u0107 dla dzieci i m\u0142odzie\u017cy w roku szkolnym, w tym min. zaj\u0119\u0107 sportowych i rekreacyjnych, kulturalnych, rozwijaj\u0105cych zainteresowania itp.&nbsp;&nbsp;Tytu\u0142 zadania:&nbsp;<strong>\u201e Chc\u0119&nbsp;by\u0107 zaakceptowany przez grup\u0119\u201d<\/strong>&nbsp;1\/ Warsztaty muzyczno-rytmiczno-taneczne z instruktorem Maciejem Mielczarskim i Grzegorzem Augustynowiczem (Wyst\u0119p na scenie Browar B w Prezentacjach Tw\u00f3rczo\u015bci M\u00f3j \u015bwiat \u2013 w spektaklu \u201eWeso\u0142y Poci\u0105g\u201d&nbsp;2\/&nbsp; Zaj\u0119cia&nbsp;\u2013 basen Delfin&nbsp;3\/ Warsztaty techniczno-plastyczne (przygotowanie stroik\u00f3w na kiermasz wielkanocny)&nbsp;4\/ Wycieczka do Torunia&nbsp;( Muzeum&nbsp;Piernika \u2013 warsztaty, Planetarium)&nbsp;5\/ Zaj\u0119cia dla dzieci i m\u0142odzie\u017cy \u2013 zaj\u0119cia biblioteczne, zaj\u0119cia w \u015bwietlicy \u2013 malowanie, nakrywanie sto\u0142\u00f3w, czytanie bajek itp.&nbsp; \u2013 odpowiedzialna Zofia Wasielewska&nbsp;&nbsp;6\/ \u201eSpotkanie&nbsp;Wigilijne\u201d&nbsp; dla&nbsp;cz\u0142onk\u00f3w Stowarzyszenia (cz\u0119\u015bciowa refundacja z tego projektu)&nbsp;<\/td><\/tr><tr><td><strong>12.<\/strong>&nbsp;<\/td><td><strong>2. 04.2019 do 15.12.2019<\/strong>&nbsp;<\/td><td><strong>Urz\u0105d Miasta W\u0142oc\u0142awek&nbsp;&nbsp;<\/strong>&nbsp;Referat Promocji Zdrowia i Polityki<strong>&nbsp;<\/strong>Spo\u0142ecznej<strong>&nbsp;\u201eOchrona i promocja zdrowia oraz dzia\u0142ania na rzecz os\u00f3b niepe\u0142nosprawnych.&nbsp;<\/strong>&nbsp;<strong>Zadanie pn.<\/strong><strong>&nbsp;\u201eMoja pasja \u2013 moje \u017cycie\u201d<\/strong>&nbsp;1\/ Warsztaty artystyczno-r\u0119kodzielnicze prowadzone pod kierunkiem Irminy&nbsp;Kminikowskiej, Wies\u0142awy&nbsp;Flory\u0144skiej&nbsp;i Joanny Szatkowskiej&nbsp;&nbsp;2\/ Spotkanie Wigilijne \u2013 przeznaczona cz\u0119\u015b\u0107&nbsp;finansowa&nbsp; na&nbsp;to zadanie, (zakup czekolad, figurek z Miko\u0142ajem&nbsp;&nbsp;<strong><\/strong>&nbsp;<\/td><\/tr><tr><td><strong>13.<\/strong>&nbsp;<\/td><td><strong>01.04.2019 do 15.12.2019<\/strong>&nbsp;<\/td><td><strong>Urz\u0105d Miasta W\u0142oc\u0142awek&nbsp;&nbsp;<\/strong>&nbsp;Referat&nbsp;Promocji Zdrowia i Polityki<strong>&nbsp;<\/strong>Spo\u0142ecznej<strong>&nbsp;\u2013&nbsp;<\/strong>&nbsp;realizacja&nbsp;zadania:<strong>&nbsp;\u201eOchrona i promocja zdrowia oraz dzia\u0142ania na rzecz os\u00f3b niepe\u0142nosprawnych przez organizacje pozarz\u0105dowe oraz inne podmioty prowadz\u0105ce dzia\u0142alno\u015b\u0107 po\u017cytku publicznego<\/strong>&nbsp;&nbsp;Tytu\u0142 zadania:&nbsp;<strong>\u201eMimo choroby \u017cyj normalnie\u201d<\/strong>&nbsp;<strong>01.04.2019 do 15.12.2019<\/strong>&nbsp;1\/ Zaj\u0119cia rehabilitacyjne i&nbsp;usprawniaj\u0105ce&nbsp; na&nbsp;basenie \u2013 ACTIVCENTRUM&nbsp;&nbsp;2\/ Zaj\u0119cia z gimnastyki korekcyjnej i&nbsp;rehabilitacyjne&nbsp; na&nbsp;Sali&nbsp;gim. &#8211; ACTIVCENTRUM&nbsp;2\/ Warsztaty z muzykoterapii (\u015bpiew) &#8211; z instruktorem Grzegorzem Augustynowiczem&nbsp;&nbsp;3\/ Warsztaty&nbsp;kulinarne&nbsp; &#8211;&nbsp;IILO&nbsp;&nbsp;4\/ Warsztaty taneczne \u2013 z instruktorem Maciejem&nbsp;Mielczarkiem&nbsp; w&nbsp;CK Browarze B&nbsp;<strong><\/strong>&nbsp;<\/td><\/tr><tr><td><strong>14.<\/strong>&nbsp;<\/td><td><strong><\/strong>&nbsp;<strong>14.06.2019<\/strong>&nbsp;<\/td><td><strong>Piknik Wolontariatu<\/strong><strong>&nbsp;\u2013 nad Jeziorem Czarnym \u2013 zorganizowanym przez&nbsp;WCOPiW&nbsp; &#8211;&nbsp; udzia\u0142<\/strong>&nbsp;<\/td><\/tr><tr><td><strong><\/strong>&nbsp;<strong>15.<\/strong>&nbsp;<\/td><td><strong>Ca\u0142y rok 2019<\/strong>&nbsp;<\/td><td><strong>Pisanie projekt\u00f3w,<\/strong><strong>&nbsp;spotkania z przedstawicielami Urz\u0119du Miasta i innymi, reprezentowanie Stowarzyszenia w mie\u015bcie.<\/strong>&nbsp;<\/td><\/tr><tr><td><strong><\/strong>&nbsp;<strong>16.<\/strong>&nbsp;<strong><\/strong>&nbsp;<\/td><td><strong><\/strong>&nbsp;<strong>2.06.2019<\/strong>&nbsp;<\/td><td>Udzia\u0142&nbsp; w&nbsp;X Plenerze Malarskim ON&nbsp;zorganizowanym przez OLIGO&nbsp;<\/td><\/tr><tr><td><strong><\/strong>&nbsp;<strong>17.<\/strong>&nbsp;<\/td><td><strong><\/strong>&nbsp;<strong>7.04. 2019r.<\/strong>&nbsp;<\/td><td><strong>\u015awi\u0119to \u017buru Kujawskiego \u2013&nbsp;<\/strong><strong>X&nbsp;Jubileuszowy&nbsp; Konkurs&nbsp;\u017bURU KUJAWSKIEGO<\/strong><strong>&nbsp;udzia\u0142 naszego Stowarzyszenia&nbsp; w konkursie oraz w sprzeda\u017cy wypiek\u00f3w<\/strong>&nbsp;<\/td><\/tr><tr><td><strong><\/strong>&nbsp;<strong>18.<\/strong>&nbsp;<\/td><td><strong><\/strong>&nbsp;<strong>2 maja 2019r.<\/strong>&nbsp;<\/td><td><strong><\/strong>&nbsp;<strong>Udzia\u0142 cz\u0142onk\u00f3w Stowarzyszenia w&nbsp;<\/strong><strong>\u015awi\u0119cie&nbsp;Flagi<\/strong><strong>&nbsp; &#8211;&nbsp;uczestniczy\u0142y 23 osoby<\/strong>&nbsp;<\/td><\/tr><tr><td><strong><\/strong>&nbsp;<strong>19.<\/strong>&nbsp;<\/td><td><strong><\/strong>&nbsp;<strong>13-14.04.2019r.<\/strong>&nbsp;<strong><\/strong>&nbsp;<\/td><td><strong>Kiermasz&nbsp;Wielkanocny<\/strong><strong>&nbsp; Plac&nbsp;Wolno\u015bci \u2013 pokaz i sprzeda\u017c stroik\u00f3w wielkanocnych na cele statutowe stowarzyszenia&nbsp;<\/strong>&nbsp;<strong><\/strong>&nbsp;<\/td><\/tr><tr><td><strong>20.<\/strong>&nbsp;<\/td><td><strong>4- 5- 6 pa\u017adziernika 2019<\/strong>&nbsp;<\/td><td><strong>Wycieczka&nbsp;<\/strong><strong>&nbsp;turystyczno-rekreacyjna do&nbsp;<\/strong><strong>Poznania- K\u00f3rnika- Rogalina \u2013Pobiedziska i Gniezna<\/strong>&nbsp;<\/td><\/tr><tr><td><strong>21.<\/strong>&nbsp;<\/td><td><strong>1.06.2019 \u2013 30.11.2019<\/strong>&nbsp;<\/td><td>Zadanie&nbsp; Aktywizacja&nbsp;spo\u0142eczna senior\u00f3w, organizacja imprez integracyjnych, popularyzuj\u0105cych r\u00f3\u017cne formy aktywnego i zdrowego sp\u0119dzania czasu wolnego celem ograniczenia zjawiska wykluczenia spo\u0142ecznego pn.&nbsp;\u201eBiesiada nie zna granic\u201d&nbsp;w wykonaniu eurointegracji, III Wieku i zespo\u0142u Marcina Majewskiego&nbsp;&nbsp;<\/td><\/tr><tr><td><strong>22.<\/strong>&nbsp;<\/td><td><strong>Przez ca\u0142y rok 2019<\/strong>&nbsp;<\/td><td><strong>Dbanie o \u015bwietlic\u0119,<\/strong><strong>&nbsp;sprz\u0105tanie, uaktualnianie tablic informacyjnych&nbsp;<\/strong>&nbsp;<\/td><\/tr><tr><td><strong>23.<\/strong>&nbsp;<\/td><td><strong>Przez ca\u0142y rok 2019<\/strong>&nbsp;<\/td><td><strong>Kontynuacja prac, redagowanie tekst\u00f3w&nbsp;do&nbsp; kroniki&nbsp;stowarzyszenia, prowadzenie kroniki<\/strong>&nbsp;<\/td><\/tr><tr><td><strong>24.<\/strong>&nbsp;<\/td><td><strong><\/strong>&nbsp;<strong>5.07.2019<\/strong>&nbsp;<\/td><td><strong><\/strong>&nbsp;<strong>Wyjazd na&nbsp;<\/strong><strong>baseny termalne do Uniejowa&nbsp;<\/strong><strong>&#8211; 49 os\u00f3b<\/strong>&nbsp;<\/td><\/tr><tr><td><strong>25.<\/strong>&nbsp;<\/td><td><strong><\/strong>&nbsp;<strong>Przez ca\u0142y rok 2019<\/strong>&nbsp;<\/td><td><strong>Dokumentacja&nbsp; zdj\u0119ciowa<\/strong><strong>&nbsp;r\u00f3\u017cnych spotka\u0144, wyjazd\u00f3w itp. \u2013 obr\u00f3bka zdj\u0119ciowa i przekaz na p\u0142ytce \u2013 Marek&nbsp;Cie\u015blakiewicz<\/strong>&nbsp;<\/td><\/tr><tr><td><strong><\/strong>&nbsp;<strong>26.<\/strong>&nbsp;<\/td><td><strong>17 sierpie\u0144, 20 sierpie\u0144, 27&nbsp;sierpie\u0144&nbsp; 2019<\/strong>&nbsp;<\/td><td><strong>\u201e<\/strong><strong>Udzia\u0142 grupy sportowej z Eurointegracji w&nbsp;<\/strong><strong>Turnieju&nbsp;Bowlingowym<\/strong><strong>&nbsp;dla os\u00f3b niepe\u0142nosprawnych organizowanych przez W\u0142oc\u0142awsko-Brodnicki Klub Sportowy Niewidomych i S\u0142abowidz\u0105cych&nbsp;<\/strong><strong>\u201ePIONEK\u201d<\/strong>&nbsp;<strong>Pn. \u201eRodzinne zawody&nbsp;bowlingowe\u201d<\/strong>&nbsp;<\/td><\/tr><tr><td><strong><\/strong>&nbsp;<strong>27.<\/strong>&nbsp;<\/td><td><strong>&nbsp;<\/strong>&nbsp;<strong>&nbsp;&nbsp;&nbsp;&nbsp;&nbsp;&nbsp;&nbsp;&nbsp;&nbsp; 24.08.2019<\/strong>&nbsp;<strong><\/strong>&nbsp;<\/td><td><strong>FESTYN&nbsp;\u201e Drugie&nbsp;kolorowe lato we W\u0142oc\u0142awku i Dzia\u0142kach Rybnica\u201d<\/strong><strong>&nbsp;dzi\u0119ki oddanym g\u0142osom 21\u202f999 g\u0142os\u00f3w&nbsp; w programie Tesco \u201eDecydujesz pomagamy\u201d( w tym r\u00f3\u017cne dzia\u0142ania)<\/strong>&nbsp;<\/td><\/tr><tr><td><strong><\/strong>&nbsp;<strong>&nbsp;&nbsp;&nbsp;&nbsp; 28.<\/strong>&nbsp;<\/td><td><strong><\/strong>&nbsp;<strong>&nbsp;1.09.2019&nbsp;<\/strong>&nbsp;<\/td><td><strong><\/strong>&nbsp;<strong>Udzia\u0142 w Koncercie Pie\u015bni Patriotycznych<\/strong><strong>&nbsp;zorganizowanym przez CK Browar B<\/strong>&nbsp;<\/td><\/tr><tr><td><strong>29.<\/strong>&nbsp;<\/td><td><strong>2019<\/strong>&nbsp;<\/td><td><strong>Udzia\u0142 w&nbsp;<\/strong><strong>W\u0142oc\u0142awskim Forum Organizacji Pozarz\u0105dowych w Browarze B<\/strong>&nbsp;1\/ Prezentacja dorobku stowarzyszenia&nbsp;2\/ Wystawa stowarzyszenia&nbsp;3\/ Udzia\u0142 w bloku warsztatowym&nbsp;<\/td><\/tr><tr><td><strong>30.<\/strong>&nbsp;<\/td><td><strong>7.12.2019&nbsp;<\/strong>&nbsp;<\/td><td><strong>Udzia\u0142 cz\u0142onk\u00f3w, zaproszonych&nbsp;go\u015bci&nbsp; w<\/strong><strong>&nbsp;Spotkaniu wigilijnym w Restauracji \u201ePod Kogutem\u201d \u2013<\/strong><strong>uczestniczy\u0142o&nbsp; 95 os\u00f3b<\/strong>&nbsp;<\/td><\/tr><tr><td><strong><\/strong>&nbsp;<strong>31.<\/strong>&nbsp;<\/td><td><strong><\/strong>&nbsp;<strong>13, 14, 15 grudnia 2019<\/strong>&nbsp;<\/td><td><strong>Udzia\u0142 w&nbsp;<\/strong><strong>kiermaszu wyrob\u00f3w bo\u017conarodzeniowych&nbsp;<\/strong><strong>wykonanych przez cz\u0142onk\u00f3w naszego Stowarzyszenia&nbsp;<\/strong>&nbsp;<\/td><\/tr><tr><td><strong><\/strong>&nbsp;<strong>32.<\/strong>&nbsp;<\/td><td><strong><\/strong>&nbsp;<strong>W trakcie roku 2018<\/strong>&nbsp;<\/td><td><strong>Udzia\u0142 w szkoleniach,&nbsp;debatach,&nbsp;&nbsp;<\/strong><strong>konferencjach, spotkaniach, odprawach dotycz\u0105cych ON itp.<\/strong>&nbsp;<\/td><\/tr><tr><td><strong><\/strong>&nbsp;<strong>33.<\/strong>&nbsp;<\/td><td><strong><\/strong>&nbsp;<strong>Ca\u0142y rok 2019<\/strong>&nbsp;<\/td><td><strong><\/strong>&nbsp;<strong>Udzia\u0142 w zebraniach i debatach&nbsp;<\/strong><strong>Spo\u0142ecznej Rady do Spraw Os\u00f3b Niepe\u0142nosprawnych<\/strong><strong>&nbsp;\u2013&nbsp;<\/strong>Irmina&nbsp;Kminikowska&nbsp;oraz<strong>&nbsp;Wojew\u00f3dzkiej Rady do Spraw Os\u00f3b Niepe\u0142nosprawnych \u2013&nbsp;<\/strong><strong>Jan Schwarz<\/strong>&nbsp;<\/td><\/tr><tr><td><strong><\/strong>&nbsp;<strong>34.<\/strong>&nbsp;<\/td><td><strong><\/strong>&nbsp;<strong>Ca\u0142y rok 2019<\/strong>&nbsp;<\/td><td><strong><\/strong>&nbsp;<strong>Udzia\u0142 w zebraniach i&nbsp;<\/strong><strong>d<\/strong><strong>ebatach Rady Po\u017cytku Publicznego<\/strong>&nbsp;<\/td><\/tr><\/tbody><\/table><\/figure>\n\n\n\n<p><strong>1. \/Wsp\u00f3\u0142praca z Dyrekcj\u0105&nbsp;i&nbsp; uczniami&nbsp;II LO im. M. Kopernika we W\u0142oc\u0142awku pod k\u0105tem wolontariatu<\/strong>&nbsp;<\/p>\n\n\n\n<p><strong>2.\/ Wsp\u00f3\u0142praca z Zespo\u0142em Szk\u00f3\u0142 Nr 3 we W\u0142oc\u0142awku<\/strong>&nbsp;<\/p>\n\n\n\n<p><strong>3. \/Wsp\u00f3\u0142praca ze Szko\u0142\u0105 Podstawow\u0105 Nr 2 we W\u0142oc\u0142awku<\/strong>&nbsp;<\/p>\n\n\n\n<p><strong>4. \/Wsp\u00f3\u0142praca z Warsztatami Terapii Zaj\u0119ciowej ul. Wiejska i \u0141azienna we W\u0142oc\u0142awku<\/strong>&nbsp;<\/p>\n\n\n\n<p><strong>5.\/ Wsp\u00f3\u0142praca z Centrum Organizacji Pozarz\u0105dowej we W\u0142oc\u0142awku<\/strong>&nbsp;<\/p>\n\n\n\n<p><strong>6.\/ Wsp\u00f3\u0142praca z Wolontariatem \u2013 Krystyn\u0105 Marsza\u0142ek<\/strong>&nbsp;<\/p>\n\n\n\n<p><strong>7.\/ Wsp\u00f3\u0142praca z Urz\u0119dem Miasta W\u0142oc\u0142awek<\/strong>&nbsp;<\/p>\n\n\n\n<p><strong>8.\/ Wsp\u00f3\u0142praca z Przedstawicielstwem Urz\u0119du Marsza\u0142kowskiego z siedziba we W\u0142oc\u0142awku&nbsp;<\/strong>&nbsp;<\/p>\n\n\n\n<p><strong>9.\/ Wsp\u00f3\u0142praca z<\/strong><strong>e Stowarzyszeniem<\/strong><strong>&nbsp;Oligo<\/strong>&nbsp;<\/p>\n\n\n\n<p><strong>10.\/ Wsp\u00f3\u0142praca z innymi organizacjami pozarz\u0105dowymi w mie\u015bcie<\/strong>&nbsp;<\/p>\n\n\n\n<p><strong>11.\/ Wsp\u00f3\u0142praca z MOPR<\/strong>&nbsp;<\/p>\n\n\n\n<p><strong>12\/. Wsp\u00f3\u0142praca z Zespo\u0142em Szk\u00f3\u0142 Samochodowych we W\u0142oc\u0142awku<\/strong>&nbsp;<\/p>\n\n\n\n<p><strong>13\/. Wsp\u00f3\u0142praca z Fundacj\u0105 \u201eANWIL dla W\u0142oc\u0142awka\u201d<\/strong>&nbsp;<\/p>\n\n\n\n<p><strong>14\/. Wsp\u00f3\u0142praca z&nbsp;MSiT&nbsp;Warszawa \u2013 pisanie projekt\u00f3w<\/strong>&nbsp;<\/p>\n","protected":false},"excerpt":{"rendered":"<p>Dzia\u0142alno\u015bci\u00a0 statutowej W.S.N. &#8222;Eurointegracja&#8221; W\u0142oc\u0142awek&nbsp; za 2019 roku Sprawozdanie\u00a0\u00a0z\u00a0\u00a0Dzia\u0142alno\u015bci\u00a0 statutowej\u00a0W.S.N. &#8222;Eurointegracja&#8221; W\u0142oc\u0142awek\u00a0za 2019 roku\u00a0 Lp.&nbsp; Data&nbsp; Tre\u015b\u0107&nbsp; &nbsp;&nbsp;1.&nbsp; &nbsp;&nbsp;stycze\u0144 2019&nbsp; &nbsp;Udzia\u0142&nbsp; Zarz\u0105du&nbsp;i cz\u0142onk\u00f3w Stowarzyszenia w&nbsp;XIV&nbsp;Koncercie Wielu Serc&nbsp; zorganizowanym przez OLIGO&nbsp;&nbsp; &nbsp;&nbsp;&nbsp;&nbsp; 2.&nbsp; &nbsp;15 stycze\u0144 2019&nbsp; Zebranie Zarz\u0105du \u2013&nbsp;podzi\u0119kowanie cz\u0142onkom Zarz\u0105du Stowarzyszenia&nbsp;za prac\u0119 spo\u0142eczn\u0105 w minionym okresie oraz cz\u0142onkom Stowarzyszenia&nbsp;Rozdanie medali i czekolad&nbsp; 3.&nbsp; 02.01.2019 &#8211;&nbsp;15.12.2019&nbsp; &hellip; <\/p>\n<p class=\"link-more\"><a href=\"http:\/\/eurointegracja.pl\/?p=5800\" class=\"more-link\">Czytaj dalej<span class=\"screen-reader-text\"> \u201eSprawozdanie 2019\u201d<\/span><\/a><\/p>\n","protected":false},"author":1,"featured_media":0,"comment_status":"open","ping_status":"open","sticky":false,"template":"","format":"standard","meta":[],"categories":[4,1],"tags":[],"_links":{"self":[{"href":"http:\/\/eurointegracja.pl\/index.php?rest_route=\/wp\/v2\/posts\/5800"}],"collection":[{"href":"http:\/\/eurointegracja.pl\/index.php?rest_route=\/wp\/v2\/posts"}],"about":[{"href":"http:\/\/eurointegracja.pl\/index.php?rest_route=\/wp\/v2\/types\/post"}],"author":[{"embeddable":true,"href":"http:\/\/eurointegracja.pl\/index.php?rest_route=\/wp\/v2\/users\/1"}],"replies":[{"embeddable":true,"href":"http:\/\/eurointegracja.pl\/index.php?rest_route=%2Fwp%2Fv2%2Fcomments&post=5800"}],"version-history":[{"count":1,"href":"http:\/\/eurointegracja.pl\/index.php?rest_route=\/wp\/v2\/posts\/5800\/revisions"}],"predecessor-version":[{"id":5801,"href":"http:\/\/eurointegracja.pl\/index.php?rest_route=\/wp\/v2\/posts\/5800\/revisions\/5801"}],"wp:attachment":[{"href":"http:\/\/eurointegracja.pl\/index.php?rest_route=%2Fwp%2Fv2%2Fmedia&parent=5800"}],"wp:term":[{"taxonomy":"category","embeddable":true,"href":"http:\/\/eurointegracja.pl\/index.php?rest_route=%2Fwp%2Fv2%2Fcategories&post=5800"},{"taxonomy":"post_tag","embeddable":true,"href":"http:\/\/eurointegracja.pl\/index.php?rest_route=%2Fwp%2Fv2%2Ftags&post=5800"}],"curies":[{"name":"wp","href":"https:\/\/api.w.org\/{rel}","templated":true}]}}