{"id":5802,"date":"2020-08-12T19:13:46","date_gmt":"2020-08-12T19:13:46","guid":{"rendered":"http:\/\/eu-wsn.wloclawek.pl\/?p=5802"},"modified":"2020-08-12T19:13:46","modified_gmt":"2020-08-12T19:13:46","slug":"sprawozdanie-kregli-klasycznych-brodnica-2020","status":"publish","type":"post","link":"http:\/\/eurointegracja.pl\/?p=5802","title":{"rendered":"Sprawozdanie kr\u0119gli klasycznych Brodnica 2020"},"content":{"rendered":"\n<figure class=\"wp-block-gallery columns-3 is-cropped wp-block-gallery-1 is-layout-flex\"><ul class=\"blocks-gallery-grid\"><li class=\"blocks-gallery-item\"><figure><img decoding=\"async\" loading=\"lazy\" width=\"960\" height=\"641\" src=\"http:\/\/eu-wsn.wloclawek.pl\/wp-content\/uploads\/2020\/08\/DSC0765-scaled-1.jpg\" alt=\"\" data-id=\"5820\" data-full-url=\"http:\/\/eu-wsn.wloclawek.pl\/wp-content\/uploads\/2020\/08\/DSC0765-scaled-1.jpg\" data-link=\"http:\/\/eu-wsn.wloclawek.pl\/?attachment_id=5820\" class=\"wp-image-5820\" srcset=\"http:\/\/eurointegracja.pl\/wp-content\/uploads\/2020\/08\/DSC0765-scaled-1.jpg 960w, http:\/\/eurointegracja.pl\/wp-content\/uploads\/2020\/08\/DSC0765-scaled-1-300x200.jpg 300w, http:\/\/eurointegracja.pl\/wp-content\/uploads\/2020\/08\/DSC0765-scaled-1-768x513.jpg 768w\" sizes=\"(max-width: 767px) 89vw, (max-width: 1000px) 54vw, (max-width: 1071px) 543px, 580px\" \/><\/figure><\/li><li class=\"blocks-gallery-item\"><figure><img decoding=\"async\" loading=\"lazy\" width=\"960\" height=\"540\" src=\"http:\/\/eu-wsn.wloclawek.pl\/wp-content\/uploads\/2020\/08\/DSC0754-scaled-1.jpg\" alt=\"\" data-id=\"5819\" data-full-url=\"http:\/\/eu-wsn.wloclawek.pl\/wp-content\/uploads\/2020\/08\/DSC0754-scaled-1.jpg\" data-link=\"http:\/\/eu-wsn.wloclawek.pl\/?attachment_id=5819\" class=\"wp-image-5819\" srcset=\"http:\/\/eurointegracja.pl\/wp-content\/uploads\/2020\/08\/DSC0754-scaled-1.jpg 960w, http:\/\/eurointegracja.pl\/wp-content\/uploads\/2020\/08\/DSC0754-scaled-1-300x169.jpg 300w, http:\/\/eurointegracja.pl\/wp-content\/uploads\/2020\/08\/DSC0754-scaled-1-768x432.jpg 768w\" sizes=\"(max-width: 767px) 89vw, (max-width: 1000px) 54vw, (max-width: 1071px) 543px, 580px\" \/><\/figure><\/li><li class=\"blocks-gallery-item\"><figure><img decoding=\"async\" loading=\"lazy\" width=\"960\" height=\"540\" src=\"http:\/\/eu-wsn.wloclawek.pl\/wp-content\/uploads\/2020\/08\/DSC0763-scaled-1.jpg\" alt=\"\" data-id=\"5818\" data-full-url=\"http:\/\/eu-wsn.wloclawek.pl\/wp-content\/uploads\/2020\/08\/DSC0763-scaled-1.jpg\" data-link=\"http:\/\/eu-wsn.wloclawek.pl\/?attachment_id=5818\" class=\"wp-image-5818\" srcset=\"http:\/\/eurointegracja.pl\/wp-content\/uploads\/2020\/08\/DSC0763-scaled-1.jpg 960w, http:\/\/eurointegracja.pl\/wp-content\/uploads\/2020\/08\/DSC0763-scaled-1-300x169.jpg 300w, http:\/\/eurointegracja.pl\/wp-content\/uploads\/2020\/08\/DSC0763-scaled-1-768x432.jpg 768w\" sizes=\"(max-width: 767px) 89vw, (max-width: 1000px) 54vw, (max-width: 1071px) 543px, 580px\" \/><\/figure><\/li><li class=\"blocks-gallery-item\"><figure><img decoding=\"async\" loading=\"lazy\" width=\"960\" height=\"540\" src=\"http:\/\/eu-wsn.wloclawek.pl\/wp-content\/uploads\/2020\/08\/DSC0759-scaled-1.jpg\" alt=\"\" data-id=\"5817\" data-full-url=\"http:\/\/eu-wsn.wloclawek.pl\/wp-content\/uploads\/2020\/08\/DSC0759-scaled-1.jpg\" data-link=\"http:\/\/eu-wsn.wloclawek.pl\/?attachment_id=5817\" class=\"wp-image-5817\" srcset=\"http:\/\/eurointegracja.pl\/wp-content\/uploads\/2020\/08\/DSC0759-scaled-1.jpg 960w, http:\/\/eurointegracja.pl\/wp-content\/uploads\/2020\/08\/DSC0759-scaled-1-300x169.jpg 300w, http:\/\/eurointegracja.pl\/wp-content\/uploads\/2020\/08\/DSC0759-scaled-1-768x432.jpg 768w\" sizes=\"(max-width: 767px) 89vw, (max-width: 1000px) 54vw, (max-width: 1071px) 543px, 580px\" \/><\/figure><\/li><li class=\"blocks-gallery-item\"><figure><img decoding=\"async\" loading=\"lazy\" width=\"960\" height=\"540\" src=\"http:\/\/eu-wsn.wloclawek.pl\/wp-content\/uploads\/2020\/08\/DSC0844-scaled-1.jpg\" alt=\"\" data-id=\"5813\" data-full-url=\"http:\/\/eu-wsn.wloclawek.pl\/wp-content\/uploads\/2020\/08\/DSC0844-scaled-1.jpg\" data-link=\"http:\/\/eu-wsn.wloclawek.pl\/?attachment_id=5813\" class=\"wp-image-5813\" srcset=\"http:\/\/eurointegracja.pl\/wp-content\/uploads\/2020\/08\/DSC0844-scaled-1.jpg 960w, http:\/\/eurointegracja.pl\/wp-content\/uploads\/2020\/08\/DSC0844-scaled-1-300x169.jpg 300w, http:\/\/eurointegracja.pl\/wp-content\/uploads\/2020\/08\/DSC0844-scaled-1-768x432.jpg 768w\" sizes=\"(max-width: 767px) 89vw, (max-width: 1000px) 54vw, (max-width: 1071px) 543px, 580px\" \/><\/figure><\/li><li class=\"blocks-gallery-item\"><figure><img decoding=\"async\" loading=\"lazy\" width=\"1024\" height=\"576\" src=\"http:\/\/eu-wsn.wloclawek.pl\/wp-content\/uploads\/2020\/08\/DSC0749-scaled-1-1024x576.jpg\" alt=\"\" data-id=\"5814\" data-full-url=\"http:\/\/eu-wsn.wloclawek.pl\/wp-content\/uploads\/2020\/08\/DSC0749-scaled-1.jpg\" data-link=\"http:\/\/eu-wsn.wloclawek.pl\/?attachment_id=5814\" class=\"wp-image-5814\" srcset=\"http:\/\/eurointegracja.pl\/wp-content\/uploads\/2020\/08\/DSC0749-scaled-1-1024x576.jpg 1024w, http:\/\/eurointegracja.pl\/wp-content\/uploads\/2020\/08\/DSC0749-scaled-1-300x169.jpg 300w, http:\/\/eurointegracja.pl\/wp-content\/uploads\/2020\/08\/DSC0749-scaled-1-768x432.jpg 768w, http:\/\/eurointegracja.pl\/wp-content\/uploads\/2020\/08\/DSC0749-scaled-1.jpg 1536w\" sizes=\"(max-width: 767px) 89vw, (max-width: 1000px) 54vw, (max-width: 1071px) 543px, 580px\" \/><\/figure><\/li><li class=\"blocks-gallery-item\"><figure><img decoding=\"async\" loading=\"lazy\" width=\"960\" height=\"540\" src=\"http:\/\/eu-wsn.wloclawek.pl\/wp-content\/uploads\/2020\/08\/DSC0752-scaled-1.jpg\" alt=\"\" data-id=\"5815\" data-full-url=\"http:\/\/eu-wsn.wloclawek.pl\/wp-content\/uploads\/2020\/08\/DSC0752-scaled-1.jpg\" data-link=\"http:\/\/eu-wsn.wloclawek.pl\/?attachment_id=5815\" class=\"wp-image-5815\" srcset=\"http:\/\/eurointegracja.pl\/wp-content\/uploads\/2020\/08\/DSC0752-scaled-1.jpg 960w, http:\/\/eurointegracja.pl\/wp-content\/uploads\/2020\/08\/DSC0752-scaled-1-300x169.jpg 300w, http:\/\/eurointegracja.pl\/wp-content\/uploads\/2020\/08\/DSC0752-scaled-1-768x432.jpg 768w\" sizes=\"(max-width: 767px) 89vw, (max-width: 1000px) 54vw, (max-width: 1071px) 543px, 580px\" \/><\/figure><\/li><li class=\"blocks-gallery-item\"><figure><img decoding=\"async\" loading=\"lazy\" width=\"960\" height=\"540\" src=\"http:\/\/eu-wsn.wloclawek.pl\/wp-content\/uploads\/2020\/08\/DSC0770-scaled-1.jpg\" alt=\"\" data-id=\"5816\" data-full-url=\"http:\/\/eu-wsn.wloclawek.pl\/wp-content\/uploads\/2020\/08\/DSC0770-scaled-1.jpg\" data-link=\"http:\/\/eu-wsn.wloclawek.pl\/?attachment_id=5816\" class=\"wp-image-5816\" srcset=\"http:\/\/eurointegracja.pl\/wp-content\/uploads\/2020\/08\/DSC0770-scaled-1.jpg 960w, http:\/\/eurointegracja.pl\/wp-content\/uploads\/2020\/08\/DSC0770-scaled-1-300x169.jpg 300w, http:\/\/eurointegracja.pl\/wp-content\/uploads\/2020\/08\/DSC0770-scaled-1-768x432.jpg 768w\" sizes=\"(max-width: 767px) 89vw, (max-width: 1000px) 54vw, (max-width: 1071px) 543px, 580px\" \/><\/figure><\/li><li class=\"blocks-gallery-item\"><figure><img decoding=\"async\" loading=\"lazy\" width=\"960\" height=\"540\" src=\"http:\/\/eu-wsn.wloclawek.pl\/wp-content\/uploads\/2020\/08\/DSC0835-scaled-1.jpg\" alt=\"\" data-id=\"5812\" data-full-url=\"http:\/\/eu-wsn.wloclawek.pl\/wp-content\/uploads\/2020\/08\/DSC0835-scaled-1.jpg\" data-link=\"http:\/\/eu-wsn.wloclawek.pl\/?attachment_id=5812\" class=\"wp-image-5812\" srcset=\"http:\/\/eurointegracja.pl\/wp-content\/uploads\/2020\/08\/DSC0835-scaled-1.jpg 960w, http:\/\/eurointegracja.pl\/wp-content\/uploads\/2020\/08\/DSC0835-scaled-1-300x169.jpg 300w, http:\/\/eurointegracja.pl\/wp-content\/uploads\/2020\/08\/DSC0835-scaled-1-768x432.jpg 768w\" sizes=\"(max-width: 767px) 89vw, (max-width: 1000px) 54vw, (max-width: 1071px) 543px, 580px\" \/><\/figure><\/li><li class=\"blocks-gallery-item\"><figure><img decoding=\"async\" loading=\"lazy\" width=\"960\" height=\"540\" src=\"http:\/\/eu-wsn.wloclawek.pl\/wp-content\/uploads\/2020\/08\/DSC0859-scaled-1.jpg\" alt=\"\" data-id=\"5811\" data-full-url=\"http:\/\/eu-wsn.wloclawek.pl\/wp-content\/uploads\/2020\/08\/DSC0859-scaled-1.jpg\" data-link=\"http:\/\/eu-wsn.wloclawek.pl\/?attachment_id=5811\" class=\"wp-image-5811\" srcset=\"http:\/\/eurointegracja.pl\/wp-content\/uploads\/2020\/08\/DSC0859-scaled-1.jpg 960w, http:\/\/eurointegracja.pl\/wp-content\/uploads\/2020\/08\/DSC0859-scaled-1-300x169.jpg 300w, http:\/\/eurointegracja.pl\/wp-content\/uploads\/2020\/08\/DSC0859-scaled-1-768x432.jpg 768w\" sizes=\"(max-width: 767px) 89vw, (max-width: 1000px) 54vw, (max-width: 1071px) 543px, 580px\" \/><\/figure><\/li><li class=\"blocks-gallery-item\"><figure><img decoding=\"async\" loading=\"lazy\" width=\"960\" height=\"641\" src=\"http:\/\/eu-wsn.wloclawek.pl\/wp-content\/uploads\/2020\/08\/DSC0839-scaled-1.jpg\" alt=\"\" data-id=\"5810\" data-full-url=\"http:\/\/eu-wsn.wloclawek.pl\/wp-content\/uploads\/2020\/08\/DSC0839-scaled-1.jpg\" data-link=\"http:\/\/eu-wsn.wloclawek.pl\/?attachment_id=5810\" class=\"wp-image-5810\" srcset=\"http:\/\/eurointegracja.pl\/wp-content\/uploads\/2020\/08\/DSC0839-scaled-1.jpg 960w, http:\/\/eurointegracja.pl\/wp-content\/uploads\/2020\/08\/DSC0839-scaled-1-300x200.jpg 300w, http:\/\/eurointegracja.pl\/wp-content\/uploads\/2020\/08\/DSC0839-scaled-1-768x513.jpg 768w\" sizes=\"(max-width: 767px) 89vw, (max-width: 1000px) 54vw, (max-width: 1071px) 543px, 580px\" \/><\/figure><\/li><li class=\"blocks-gallery-item\"><figure><img decoding=\"async\" loading=\"lazy\" width=\"960\" height=\"540\" src=\"http:\/\/eu-wsn.wloclawek.pl\/wp-content\/uploads\/2020\/08\/DSC0828-scaled-1.jpg\" alt=\"\" data-id=\"5809\" data-full-url=\"http:\/\/eu-wsn.wloclawek.pl\/wp-content\/uploads\/2020\/08\/DSC0828-scaled-1.jpg\" data-link=\"http:\/\/eu-wsn.wloclawek.pl\/?attachment_id=5809\" class=\"wp-image-5809\" srcset=\"http:\/\/eurointegracja.pl\/wp-content\/uploads\/2020\/08\/DSC0828-scaled-1.jpg 960w, http:\/\/eurointegracja.pl\/wp-content\/uploads\/2020\/08\/DSC0828-scaled-1-300x169.jpg 300w, http:\/\/eurointegracja.pl\/wp-content\/uploads\/2020\/08\/DSC0828-scaled-1-768x432.jpg 768w\" sizes=\"(max-width: 767px) 89vw, (max-width: 1000px) 54vw, (max-width: 1071px) 543px, 580px\" \/><\/figure><\/li><li class=\"blocks-gallery-item\"><figure><img decoding=\"async\" loading=\"lazy\" width=\"960\" height=\"641\" src=\"http:\/\/eu-wsn.wloclawek.pl\/wp-content\/uploads\/2020\/08\/DSC0853-scaled-1.jpg\" alt=\"\" data-id=\"5805\" data-full-url=\"http:\/\/eu-wsn.wloclawek.pl\/wp-content\/uploads\/2020\/08\/DSC0853-scaled-1.jpg\" data-link=\"http:\/\/eu-wsn.wloclawek.pl\/?attachment_id=5805\" class=\"wp-image-5805\" srcset=\"http:\/\/eurointegracja.pl\/wp-content\/uploads\/2020\/08\/DSC0853-scaled-1.jpg 960w, http:\/\/eurointegracja.pl\/wp-content\/uploads\/2020\/08\/DSC0853-scaled-1-300x200.jpg 300w, http:\/\/eurointegracja.pl\/wp-content\/uploads\/2020\/08\/DSC0853-scaled-1-768x513.jpg 768w\" sizes=\"(max-width: 767px) 89vw, (max-width: 1000px) 54vw, (max-width: 1071px) 543px, 580px\" \/><\/figure><\/li><li class=\"blocks-gallery-item\"><figure><img decoding=\"async\" loading=\"lazy\" width=\"960\" height=\"540\" src=\"http:\/\/eu-wsn.wloclawek.pl\/wp-content\/uploads\/2020\/08\/DSC0840-scaled-1.jpg\" alt=\"\" data-id=\"5806\" data-full-url=\"http:\/\/eu-wsn.wloclawek.pl\/wp-content\/uploads\/2020\/08\/DSC0840-scaled-1.jpg\" data-link=\"http:\/\/eu-wsn.wloclawek.pl\/?attachment_id=5806\" class=\"wp-image-5806\" srcset=\"http:\/\/eurointegracja.pl\/wp-content\/uploads\/2020\/08\/DSC0840-scaled-1.jpg 960w, http:\/\/eurointegracja.pl\/wp-content\/uploads\/2020\/08\/DSC0840-scaled-1-300x169.jpg 300w, http:\/\/eurointegracja.pl\/wp-content\/uploads\/2020\/08\/DSC0840-scaled-1-768x432.jpg 768w\" sizes=\"(max-width: 767px) 89vw, (max-width: 1000px) 54vw, (max-width: 1071px) 543px, 580px\" \/><\/figure><\/li><li class=\"blocks-gallery-item\"><figure><img decoding=\"async\" loading=\"lazy\" width=\"960\" height=\"540\" src=\"http:\/\/eu-wsn.wloclawek.pl\/wp-content\/uploads\/2020\/08\/DSC0855-scaled-1.jpg\" alt=\"\" data-id=\"5807\" data-full-url=\"http:\/\/eu-wsn.wloclawek.pl\/wp-content\/uploads\/2020\/08\/DSC0855-scaled-1.jpg\" data-link=\"http:\/\/eu-wsn.wloclawek.pl\/?attachment_id=5807\" class=\"wp-image-5807\" srcset=\"http:\/\/eurointegracja.pl\/wp-content\/uploads\/2020\/08\/DSC0855-scaled-1.jpg 960w, http:\/\/eurointegracja.pl\/wp-content\/uploads\/2020\/08\/DSC0855-scaled-1-300x169.jpg 300w, http:\/\/eurointegracja.pl\/wp-content\/uploads\/2020\/08\/DSC0855-scaled-1-768x432.jpg 768w\" sizes=\"(max-width: 767px) 89vw, (max-width: 1000px) 54vw, (max-width: 1071px) 543px, 580px\" \/><\/figure><\/li><li class=\"blocks-gallery-item\"><figure><img decoding=\"async\" loading=\"lazy\" width=\"960\" height=\"540\" src=\"http:\/\/eu-wsn.wloclawek.pl\/wp-content\/uploads\/2020\/08\/DSC0849-scaled-1.jpg\" alt=\"\" data-id=\"5808\" data-full-url=\"http:\/\/eu-wsn.wloclawek.pl\/wp-content\/uploads\/2020\/08\/DSC0849-scaled-1.jpg\" data-link=\"http:\/\/eu-wsn.wloclawek.pl\/?attachment_id=5808\" class=\"wp-image-5808\" srcset=\"http:\/\/eurointegracja.pl\/wp-content\/uploads\/2020\/08\/DSC0849-scaled-1.jpg 960w, http:\/\/eurointegracja.pl\/wp-content\/uploads\/2020\/08\/DSC0849-scaled-1-300x169.jpg 300w, http:\/\/eurointegracja.pl\/wp-content\/uploads\/2020\/08\/DSC0849-scaled-1-768x432.jpg 768w\" sizes=\"(max-width: 767px) 89vw, (max-width: 1000px) 54vw, (max-width: 1071px) 543px, 580px\" \/><\/figure><\/li><li class=\"blocks-gallery-item\"><figure><img decoding=\"async\" loading=\"lazy\" width=\"960\" height=\"540\" src=\"http:\/\/eu-wsn.wloclawek.pl\/wp-content\/uploads\/2020\/08\/DSC0812-scaled-1.jpg\" alt=\"\" data-id=\"5804\" data-full-url=\"http:\/\/eu-wsn.wloclawek.pl\/wp-content\/uploads\/2020\/08\/DSC0812-scaled-1.jpg\" data-link=\"http:\/\/eu-wsn.wloclawek.pl\/?attachment_id=5804\" class=\"wp-image-5804\" srcset=\"http:\/\/eurointegracja.pl\/wp-content\/uploads\/2020\/08\/DSC0812-scaled-1.jpg 960w, http:\/\/eurointegracja.pl\/wp-content\/uploads\/2020\/08\/DSC0812-scaled-1-300x169.jpg 300w, http:\/\/eurointegracja.pl\/wp-content\/uploads\/2020\/08\/DSC0812-scaled-1-768x432.jpg 768w\" sizes=\"(max-width: 767px) 89vw, (max-width: 1000px) 54vw, (max-width: 1071px) 543px, 580px\" \/><\/figure><\/li><li class=\"blocks-gallery-item\"><figure><img decoding=\"async\" loading=\"lazy\" width=\"960\" height=\"540\" src=\"http:\/\/eu-wsn.wloclawek.pl\/wp-content\/uploads\/2020\/08\/DSC0814-scaled-1.jpg\" alt=\"\" data-id=\"5803\" data-full-url=\"http:\/\/eu-wsn.wloclawek.pl\/wp-content\/uploads\/2020\/08\/DSC0814-scaled-1.jpg\" data-link=\"http:\/\/eu-wsn.wloclawek.pl\/?attachment_id=5803\" class=\"wp-image-5803\" srcset=\"http:\/\/eurointegracja.pl\/wp-content\/uploads\/2020\/08\/DSC0814-scaled-1.jpg 960w, http:\/\/eurointegracja.pl\/wp-content\/uploads\/2020\/08\/DSC0814-scaled-1-300x169.jpg 300w, http:\/\/eurointegracja.pl\/wp-content\/uploads\/2020\/08\/DSC0814-scaled-1-768x432.jpg 768w\" sizes=\"(max-width: 767px) 89vw, (max-width: 1000px) 54vw, (max-width: 1071px) 543px, 580px\" \/><\/figure><\/li><\/ul><\/figure>\n\n\n\n<p><\/p>\n\n\n\n<figure class=\"wp-block-image size-large\"><img decoding=\"async\" loading=\"lazy\" width=\"105\" height=\"127\" src=\"http:\/\/eu-wsn.wloclawek.pl\/wp-content\/uploads\/2020\/08\/image.png\" alt=\"\" class=\"wp-image-5821\"\/><\/figure>\n\n\n\n<p><strong>Wycieczka sportowo-rekreacyjna<\/strong>\u00a0na\u00a0\u00a0<\/p>\n\n\n\n<p><strong>TURNIEJ KR\u0118GLI KLASYCZNYCH&nbsp;<\/strong>&nbsp;<\/p>\n\n\n\n<p>&nbsp;dla&nbsp;W.S.N. \u201eEurointegracja\u201d&nbsp;<\/p>\n\n\n\n<p><strong>20 lipca 2020<\/strong><strong>r.&nbsp;<\/strong><strong>Brodnica<\/strong><strong>&nbsp;<\/strong><strong>&nbsp;<\/strong>&nbsp;<\/p>\n\n\n\n<p>20.07.2020 grupa 45&nbsp;osobowa \u201eEurointegracji\u201d walczy\u0142a w&nbsp;turnieju&nbsp;o najlepsze lokaty&nbsp;kr\u0119gli klasycznych&nbsp;na kr\u0119gielni w Brodnicy.&nbsp;Mogli\u015bmy&nbsp;w ten spos\u00f3b zrealizowa\u0107 zadanie pn.&nbsp;\u201eSzkolenie sportowe dzieci i m\u0142odzie\u017cy niepe\u0142nosprawnej\u201d.&nbsp;Cele, kt\u00f3re&nbsp;postawili\u015bmy&nbsp;przed sob\u0105 w pe\u0142ni&nbsp;zosta\u0142y&nbsp;zrealizowane.&nbsp;Doskona\u0142a zabawa, rywalizacja i wspania\u0142e humory dopisa\u0142y&nbsp;nam podczas turnieju.&nbsp;Dzi\u0119kujemy wszystkim za postaw\u0119 fair-play i postaw\u0119 godn\u0105 sportowca.&nbsp;Ca\u0142a grupa walczy\u0142a w turnieju, wszyscy byli zwyci\u0119zcami.&nbsp;Dzi\u0119kujemy r\u00f3wnie\u017c rodzicom dzieci i m\u0142odzie\u017cy ON&nbsp;za pomoc, wspieranie startuj\u0105cych pociech.<strong>&nbsp;<\/strong>&nbsp;<\/p>\n\n\n\n<p><strong>Najlepsze wyniki w kr\u0119gle klasyczne w Brodnicy<\/strong>&nbsp;<\/p>\n\n\n\n<p><strong>Kobiety<\/strong>&nbsp;<\/p>\n\n\n\n<p><strong>I<\/strong><strong>&nbsp;miejsce<\/strong>&nbsp;\u2013&nbsp;Stokwisz&nbsp;El\u017cbieta&nbsp;<\/p>\n\n\n\n<p><strong>II miejsce<\/strong>&nbsp;\u2013&nbsp;Szymakowska&nbsp;Monika&nbsp;<\/p>\n\n\n\n<p><strong>III miejsce&nbsp;<\/strong>\u2013&nbsp;Wasielewska Zofia&nbsp;&nbsp;<\/p>\n\n\n\n<p>IV miejsce \u2013 Komorowska Barbara&nbsp;<\/p>\n\n\n\n<p>V miejsce \u2013 Komorowska Monika&nbsp;<\/p>\n\n\n\n<p>&nbsp;&nbsp;&nbsp;&nbsp;&nbsp;&nbsp;&nbsp;&nbsp;&nbsp;&nbsp;&nbsp;&nbsp;&nbsp;&nbsp;&nbsp;&nbsp;&nbsp;&nbsp;<strong>M\u0119\u017cczy\u017ani<\/strong>&nbsp;<\/p>\n\n\n\n<p><strong>I miejsce<\/strong>&nbsp;\u2013&nbsp;Marciniak Andrzej&nbsp;<\/p>\n\n\n\n<p><strong>II miejsce<\/strong>&nbsp;\u2013&nbsp;Kutarba&nbsp;Wies\u0142aw&nbsp;<\/p>\n\n\n\n<p><strong>III miejsce<\/strong>&nbsp;\u2013&nbsp;Barna\u015b Marcin&nbsp;<\/p>\n\n\n\n<p>IV miejsce \u2013&nbsp;Cherek&nbsp;Sebastian&nbsp;<\/p>\n\n\n\n<p>V miejsce \u2013 Olkiewicz Andrzej&nbsp;<\/p>\n\n\n\n<p>Dzi\u0119kuj\u0119 r\u00f3wnie\u017c wszystkim s\u0119dziom za sprawn\u0105 organizacj\u0119&nbsp;turnieju.&nbsp;<\/p>\n\n\n\n<p><strong>Dzi\u0119kujemy za dofinansowanie zadania<\/strong><strong>&nbsp;&#8211; Urz\u0105d<\/strong><strong>u<\/strong><strong>&nbsp;Miasta W\u0142oc\u0142awek Wydzia\u0142 Sportu i Turystyki&nbsp;&nbsp;<\/strong>&nbsp;<\/p>\n\n\n\n<p>&nbsp;&nbsp;&nbsp;&nbsp;&nbsp;&nbsp;&nbsp;&nbsp;&nbsp;&nbsp;&nbsp;&nbsp;&nbsp;&nbsp;&nbsp;&nbsp;&nbsp;&nbsp;&nbsp;&nbsp;&nbsp;&nbsp;&nbsp;&nbsp;&nbsp;&nbsp;&nbsp;&nbsp;&nbsp;&nbsp;&nbsp;&nbsp;&nbsp;&nbsp;&nbsp;&nbsp;&nbsp;&nbsp;&nbsp;&nbsp;&nbsp;&nbsp;&nbsp;&nbsp;&nbsp;&nbsp;&nbsp;&nbsp;&nbsp;&nbsp;&nbsp;&nbsp;&nbsp;&nbsp;&nbsp; Zarz\u0105d WSN \u201eEurointegracja\u201d W\u0142oc\u0142awek&nbsp;<\/p>\n","protected":false},"excerpt":{"rendered":"<p>Wycieczka sportowo-rekreacyjna\u00a0na\u00a0\u00a0 TURNIEJ KR\u0118GLI KLASYCZNYCH&nbsp;&nbsp; &nbsp;dla&nbsp;W.S.N. \u201eEurointegracja\u201d&nbsp; 20 lipca 2020r.&nbsp;Brodnica&nbsp;&nbsp;&nbsp; 20.07.2020 grupa 45&nbsp;osobowa \u201eEurointegracji\u201d walczy\u0142a w&nbsp;turnieju&nbsp;o najlepsze lokaty&nbsp;kr\u0119gli klasycznych&nbsp;na kr\u0119gielni w Brodnicy.&nbsp;Mogli\u015bmy&nbsp;w ten spos\u00f3b zrealizowa\u0107 zadanie pn.&nbsp;\u201eSzkolenie sportowe dzieci i m\u0142odzie\u017cy niepe\u0142nosprawnej\u201d.&nbsp;Cele, kt\u00f3re&nbsp;postawili\u015bmy&nbsp;przed sob\u0105 w pe\u0142ni&nbsp;zosta\u0142y&nbsp;zrealizowane.&nbsp;Doskona\u0142a zabawa, rywalizacja i wspania\u0142e humory dopisa\u0142y&nbsp;nam podczas turnieju.&nbsp;Dzi\u0119kujemy wszystkim za postaw\u0119 fair-play i postaw\u0119 godn\u0105 sportowca.&nbsp;Ca\u0142a grupa walczy\u0142a w &hellip; <\/p>\n<p class=\"link-more\"><a href=\"http:\/\/eurointegracja.pl\/?p=5802\" class=\"more-link\">Czytaj dalej<span class=\"screen-reader-text\"> \u201eSprawozdanie kr\u0119gli klasycznych Brodnica 2020\u201d<\/span><\/a><\/p>\n","protected":false},"author":1,"featured_media":0,"comment_status":"open","ping_status":"open","sticky":false,"template":"","format":"standard","meta":[],"categories":[4,5],"tags":[],"_links":{"self":[{"href":"http:\/\/eurointegracja.pl\/index.php?rest_route=\/wp\/v2\/posts\/5802"}],"collection":[{"href":"http:\/\/eurointegracja.pl\/index.php?rest_route=\/wp\/v2\/posts"}],"about":[{"href":"http:\/\/eurointegracja.pl\/index.php?rest_route=\/wp\/v2\/types\/post"}],"author":[{"embeddable":true,"href":"http:\/\/eurointegracja.pl\/index.php?rest_route=\/wp\/v2\/users\/1"}],"replies":[{"embeddable":true,"href":"http:\/\/eurointegracja.pl\/index.php?rest_route=%2Fwp%2Fv2%2Fcomments&post=5802"}],"version-history":[{"count":1,"href":"http:\/\/eurointegracja.pl\/index.php?rest_route=\/wp\/v2\/posts\/5802\/revisions"}],"predecessor-version":[{"id":5823,"href":"http:\/\/eurointegracja.pl\/index.php?rest_route=\/wp\/v2\/posts\/5802\/revisions\/5823"}],"wp:attachment":[{"href":"http:\/\/eurointegracja.pl\/index.php?rest_route=%2Fwp%2Fv2%2Fmedia&parent=5802"}],"wp:term":[{"taxonomy":"category","embeddable":true,"href":"http:\/\/eurointegracja.pl\/index.php?rest_route=%2Fwp%2Fv2%2Fcategories&post=5802"},{"taxonomy":"post_tag","embeddable":true,"href":"http:\/\/eurointegracja.pl\/index.php?rest_route=%2Fwp%2Fv2%2Ftags&post=5802"}],"curies":[{"name":"wp","href":"https:\/\/api.w.org\/{rel}","templated":true}]}}