{"id":5824,"date":"2020-08-12T19:25:09","date_gmt":"2020-08-12T19:25:09","guid":{"rendered":"http:\/\/eu-wsn.wloclawek.pl\/?p=5824"},"modified":"2020-08-12T19:27:26","modified_gmt":"2020-08-12T19:27:26","slug":"1-sierpnia-swieto","status":"publish","type":"post","link":"http:\/\/eurointegracja.pl\/?p=5824","title":{"rendered":"1 sierpnia \u015bwi\u0119to"},"content":{"rendered":"\n<p><strong>Przygoda z&nbsp;<\/strong><strong>&nbsp;WSN&nbsp;<\/strong><strong>\u201eEurointegracj\u0105\u201d<\/strong>&nbsp;<\/p>\n\n\n\n<p>W dniu 3 sierpnia 2020r. WSN \u201eEurointegracja\u201d zorganizowa\u0142a dla swoich cz\u0142onk\u00f3w spotkanie na Przystani Wi\u015blanej \u201eBosmanat\u201d.&nbsp;&nbsp;<\/p>\n\n\n\n<p>Spotkanie to&nbsp;po\u015bwi\u0119cone w pierwszej&nbsp;cz\u0119\u015bci&nbsp;&nbsp;Narodowemu Dniu Pami\u0119ci Powstania&nbsp;Warszawskiego&nbsp;1 sierpnia 1944&nbsp;\u2013 by\u0142&nbsp;to monta\u017c&nbsp;s\u0142owno&nbsp;\u2013 muzyczny.&nbsp;<\/p>\n\n\n\n<p>Druga cz\u0119\u015b\u0107&nbsp;spotkania przebiega\u0142a zabawowo,&nbsp;podczas kt\u00f3rej&nbsp;odby\u0142y si\u0119&nbsp;zadania muzyczne,&nbsp; a nawet taneczne.&nbsp;Nast\u0119pnie&nbsp;rozpalono&nbsp;ognisko i&nbsp;by\u0142y&nbsp;pieczone kie\u0142baski z grilla.&nbsp;&nbsp;<\/p>\n\n\n\n<p>Dzi\u0119kujemy za uczestnictwo w naszym&nbsp; spotkaniu Panu Markowi&nbsp;Wojtkowskiemu Prezydentowi Miasta W\u0142oc\u0142awek z ma\u0142\u017conk\u0105 oraz Zast\u0119pcy Prezydenta Pani Domiceli&nbsp;Kopaczewskiej&nbsp;. Go\u015bciem by\u0142 r\u00f3wnie\u017c Prezes Stowarzyszenia Seniora \u201eNasz Dom\u201d&nbsp; Pan Miros\u0142aw&nbsp;Pietrusi\u0144ski&nbsp;&nbsp;&nbsp;&nbsp;&nbsp;&nbsp;<\/p>\n\n\n\n<p>Pomimo deszczowej pogody spotkanie uda\u0142o&nbsp;si\u0119&nbsp;i&nbsp;fajnie&nbsp;si\u0119&nbsp;wszyscy bawili.&nbsp;Dzi\u0119kujemy naszym cz\u0142onkom za wsp\u00f3lne przebywanie i&nbsp;wsp\u00f3ln\u0105&nbsp;integracj\u0119.&nbsp;<\/p>\n\n\n\n<figure class=\"wp-block-gallery columns-3 is-cropped wp-block-gallery-1 is-layout-flex\"><ul class=\"blocks-gallery-grid\"><li class=\"blocks-gallery-item\"><figure><img decoding=\"async\" loading=\"lazy\" width=\"1024\" height=\"576\" src=\"http:\/\/eu-wsn.wloclawek.pl\/wp-content\/uploads\/2020\/08\/117326911_3018433441613138_5472964702347752359_o-1024x576.jpg\" alt=\"\" data-id=\"5825\" data-full-url=\"http:\/\/eu-wsn.wloclawek.pl\/wp-content\/uploads\/2020\/08\/117326911_3018433441613138_5472964702347752359_o.jpg\" data-link=\"http:\/\/eu-wsn.wloclawek.pl\/?attachment_id=5825\" class=\"wp-image-5825\" srcset=\"http:\/\/eurointegracja.pl\/wp-content\/uploads\/2020\/08\/117326911_3018433441613138_5472964702347752359_o-1024x576.jpg 1024w, http:\/\/eurointegracja.pl\/wp-content\/uploads\/2020\/08\/117326911_3018433441613138_5472964702347752359_o-300x169.jpg 300w, http:\/\/eurointegracja.pl\/wp-content\/uploads\/2020\/08\/117326911_3018433441613138_5472964702347752359_o-768x432.jpg 768w, http:\/\/eurointegracja.pl\/wp-content\/uploads\/2020\/08\/117326911_3018433441613138_5472964702347752359_o-1536x864.jpg 1536w, http:\/\/eurointegracja.pl\/wp-content\/uploads\/2020\/08\/117326911_3018433441613138_5472964702347752359_o.jpg 2048w\" sizes=\"(max-width: 767px) 89vw, (max-width: 1000px) 54vw, (max-width: 1071px) 543px, 580px\" \/><\/figure><\/li><li class=\"blocks-gallery-item\"><figure><img decoding=\"async\" loading=\"lazy\" width=\"1024\" height=\"684\" src=\"http:\/\/eu-wsn.wloclawek.pl\/wp-content\/uploads\/2020\/08\/117295888_3018432184946597_1556956658334247393_o-1024x684.jpg\" alt=\"\" data-id=\"5826\" data-full-url=\"http:\/\/eu-wsn.wloclawek.pl\/wp-content\/uploads\/2020\/08\/117295888_3018432184946597_1556956658334247393_o.jpg\" data-link=\"http:\/\/eu-wsn.wloclawek.pl\/?attachment_id=5826\" class=\"wp-image-5826\" srcset=\"http:\/\/eurointegracja.pl\/wp-content\/uploads\/2020\/08\/117295888_3018432184946597_1556956658334247393_o-1024x684.jpg 1024w, http:\/\/eurointegracja.pl\/wp-content\/uploads\/2020\/08\/117295888_3018432184946597_1556956658334247393_o-300x200.jpg 300w, http:\/\/eurointegracja.pl\/wp-content\/uploads\/2020\/08\/117295888_3018432184946597_1556956658334247393_o-768x513.jpg 768w, http:\/\/eurointegracja.pl\/wp-content\/uploads\/2020\/08\/117295888_3018432184946597_1556956658334247393_o-1536x1025.jpg 1536w, http:\/\/eurointegracja.pl\/wp-content\/uploads\/2020\/08\/117295888_3018432184946597_1556956658334247393_o.jpg 1781w\" sizes=\"(max-width: 767px) 89vw, (max-width: 1000px) 54vw, (max-width: 1071px) 543px, 580px\" \/><\/figure><\/li><li class=\"blocks-gallery-item\"><figure><img decoding=\"async\" loading=\"lazy\" width=\"1024\" height=\"683\" src=\"http:\/\/eu-wsn.wloclawek.pl\/wp-content\/uploads\/2020\/08\/117324267_3018432518279897_8854458718991168061_o-1024x683.jpg\" alt=\"\" data-id=\"5827\" data-full-url=\"http:\/\/eu-wsn.wloclawek.pl\/wp-content\/uploads\/2020\/08\/117324267_3018432518279897_8854458718991168061_o.jpg\" data-link=\"http:\/\/eu-wsn.wloclawek.pl\/?attachment_id=5827\" class=\"wp-image-5827\" srcset=\"http:\/\/eurointegracja.pl\/wp-content\/uploads\/2020\/08\/117324267_3018432518279897_8854458718991168061_o-1024x683.jpg 1024w, http:\/\/eurointegracja.pl\/wp-content\/uploads\/2020\/08\/117324267_3018432518279897_8854458718991168061_o-300x200.jpg 300w, http:\/\/eurointegracja.pl\/wp-content\/uploads\/2020\/08\/117324267_3018432518279897_8854458718991168061_o-768x513.jpg 768w, http:\/\/eurointegracja.pl\/wp-content\/uploads\/2020\/08\/117324267_3018432518279897_8854458718991168061_o-1536x1025.jpg 1536w, http:\/\/eurointegracja.pl\/wp-content\/uploads\/2020\/08\/117324267_3018432518279897_8854458718991168061_o.jpg 1870w\" sizes=\"(max-width: 767px) 89vw, (max-width: 1000px) 54vw, (max-width: 1071px) 543px, 580px\" \/><\/figure><\/li><li class=\"blocks-gallery-item\"><figure><img decoding=\"async\" loading=\"lazy\" width=\"1024\" height=\"576\" src=\"http:\/\/eu-wsn.wloclawek.pl\/wp-content\/uploads\/2020\/08\/117165938_3018432848279864_7072368197200311329_o-1024x576.jpg\" alt=\"\" data-id=\"5828\" data-full-url=\"http:\/\/eu-wsn.wloclawek.pl\/wp-content\/uploads\/2020\/08\/117165938_3018432848279864_7072368197200311329_o.jpg\" data-link=\"http:\/\/eu-wsn.wloclawek.pl\/?attachment_id=5828\" class=\"wp-image-5828\" srcset=\"http:\/\/eurointegracja.pl\/wp-content\/uploads\/2020\/08\/117165938_3018432848279864_7072368197200311329_o-1024x576.jpg 1024w, http:\/\/eurointegracja.pl\/wp-content\/uploads\/2020\/08\/117165938_3018432848279864_7072368197200311329_o-300x169.jpg 300w, http:\/\/eurointegracja.pl\/wp-content\/uploads\/2020\/08\/117165938_3018432848279864_7072368197200311329_o-768x432.jpg 768w, http:\/\/eurointegracja.pl\/wp-content\/uploads\/2020\/08\/117165938_3018432848279864_7072368197200311329_o-1536x864.jpg 1536w, http:\/\/eurointegracja.pl\/wp-content\/uploads\/2020\/08\/117165938_3018432848279864_7072368197200311329_o.jpg 2048w\" sizes=\"(max-width: 767px) 89vw, (max-width: 1000px) 54vw, (max-width: 1071px) 543px, 580px\" \/><\/figure><\/li><li class=\"blocks-gallery-item\"><figure><img decoding=\"async\" loading=\"lazy\" width=\"1024\" height=\"576\" src=\"http:\/\/eu-wsn.wloclawek.pl\/wp-content\/uploads\/2020\/08\/117035915_3018431574946658_6161790586653470058_o-1024x576.jpg\" alt=\"\" data-id=\"5829\" data-full-url=\"http:\/\/eu-wsn.wloclawek.pl\/wp-content\/uploads\/2020\/08\/117035915_3018431574946658_6161790586653470058_o.jpg\" data-link=\"http:\/\/eu-wsn.wloclawek.pl\/?attachment_id=5829\" class=\"wp-image-5829\" srcset=\"http:\/\/eurointegracja.pl\/wp-content\/uploads\/2020\/08\/117035915_3018431574946658_6161790586653470058_o-1024x576.jpg 1024w, http:\/\/eurointegracja.pl\/wp-content\/uploads\/2020\/08\/117035915_3018431574946658_6161790586653470058_o-300x169.jpg 300w, http:\/\/eurointegracja.pl\/wp-content\/uploads\/2020\/08\/117035915_3018431574946658_6161790586653470058_o-768x432.jpg 768w, http:\/\/eurointegracja.pl\/wp-content\/uploads\/2020\/08\/117035915_3018431574946658_6161790586653470058_o-1536x864.jpg 1536w, http:\/\/eurointegracja.pl\/wp-content\/uploads\/2020\/08\/117035915_3018431574946658_6161790586653470058_o.jpg 2048w\" sizes=\"(max-width: 767px) 89vw, (max-width: 1000px) 54vw, (max-width: 1071px) 543px, 580px\" \/><\/figure><\/li><\/ul><\/figure>\n\n\n\n<p class=\"has-text-align-center\"><strong>1 sierpnia<\/strong>&nbsp;<\/p>\n\n\n\n<p class=\"has-text-align-center\"><strong>Narodowy Dzie<\/strong><strong>\u0144<\/strong><strong>&nbsp;Pami<\/strong><strong>\u0119<\/strong><strong>ci Powstania Warszawskiego<\/strong>&nbsp;<\/p>\n\n\n\n<figure class=\"wp-block-image size-large\"><img decoding=\"async\" loading=\"lazy\" width=\"615\" height=\"370\" src=\"http:\/\/eu-wsn.wloclawek.pl\/wp-content\/uploads\/2020\/08\/image.jpeg\" alt=\"https:\/\/www.kalendarzswiat.pl\/media\/images\/holidays\/dzien_pamieci_powstania_warszawskiego.jpg\" class=\"wp-image-5830\" srcset=\"http:\/\/eurointegracja.pl\/wp-content\/uploads\/2020\/08\/image.jpeg 615w, http:\/\/eurointegracja.pl\/wp-content\/uploads\/2020\/08\/image-300x180.jpeg 300w\" sizes=\"(max-width: 615px) 100vw, 615px\" \/><\/figure>\n\n\n\n<p class=\"has-text-align-center\"><strong>Narodowy Dzie\u0144 Pami\u0119ci Powstania Warszawskiego<\/strong>&nbsp;&nbsp;<\/p>\n\n\n\n<p>jest polskim \u015bwi\u0119tem pa\u0144stwowym, obchodzonym corocznie od 2010 roku.&nbsp;&nbsp;<\/p>\n\n\n\n<p><strong>\u015awi\u0119to zosta\u0142o ustanowione w ho\u0142dzie bohaterom Powstania Warszawskiego<\/strong>, kt\u00f3rzy w obronie kraju walczyli o wyzwolenie stolicy sprzeciwiaj\u0105c si\u0119 okupacji niemieckiej oraz zagra\u017caj\u0105cej Polsce niewoli sowieckiej.&nbsp;<\/p>\n\n\n\n<p>Dzia\u0142ania zbrojne zorganizowano w ramach akcji \u201cBurza\u201d. Powstanie rozpocz\u0119\u0142o si\u0119 1 sierpnia 1944 roku. Do Powstania, opr\u00f3cz jednostek AK, przyst\u0105pili cz\u0142onkowie pozosta\u0142ych organizacji podziemnych, tj. Narodowe Si\u0142y Zbrojne, komunistyczna Armia Ludowa, Polska Armia Ludowa oraz&nbsp;Korpus Bezpiecze\u0144stwa. Armia Krajowa ujawni\u0142a w\u00f3wczas oficjaln\u0105 dzia\u0142alno\u015b\u0107 struktur&nbsp;Polskiego Pa\u0144stwa Podziemnego.&nbsp;<\/p>\n\n\n\n<p><strong>Powstanie trwa\u0142o 63 dni, a\u017c do kapitulacji w dniu 3 pa\u017adziernika 1944 r.<\/strong>&nbsp;&nbsp;<\/p>\n\n\n\n<p>W trakcie walk straty po stronie wojsk polskich wynios\u0142y ok. 16 tys. zabitych i zaginionych, 20 tys. rannych i 15 tys. wzi\u0119tych do niewoli. Zgin\u0119\u0142o lub zagin\u0119\u0142o r\u00f3wnie\u017c od oko\u0142o 150 do 200 tys. cywilnych mieszka\u0144c\u00f3w stolicy. R\u00f3wnie\u017c straty materialne by\u0142y ogromne, w wyniku ostrza\u0142u artyleryjskiego, nalot\u00f3w i wyburzania przez oddzia\u0142y niemieckie zniszczeniu uleg\u0142a wi\u0119kszo\u015b\u0107\u202fzabudowy lewobrze\u017cnej Warszawy.\u00a0<\/p>\n\n\n\n<p><\/p>\n\n\n\n<p>]<\/p>\n","protected":false},"excerpt":{"rendered":"<p>Przygoda z&nbsp;&nbsp;WSN&nbsp;\u201eEurointegracj\u0105\u201d&nbsp; W dniu 3 sierpnia 2020r. WSN \u201eEurointegracja\u201d zorganizowa\u0142a dla swoich cz\u0142onk\u00f3w spotkanie na Przystani Wi\u015blanej \u201eBosmanat\u201d.&nbsp;&nbsp; Spotkanie to&nbsp;po\u015bwi\u0119cone w pierwszej&nbsp;cz\u0119\u015bci&nbsp;&nbsp;Narodowemu Dniu Pami\u0119ci Powstania&nbsp;Warszawskiego&nbsp;1 sierpnia 1944&nbsp;\u2013 by\u0142&nbsp;to monta\u017c&nbsp;s\u0142owno&nbsp;\u2013 muzyczny.&nbsp; Druga cz\u0119\u015b\u0107&nbsp;spotkania przebiega\u0142a zabawowo,&nbsp;podczas kt\u00f3rej&nbsp;odby\u0142y si\u0119&nbsp;zadania muzyczne,&nbsp; a nawet taneczne.&nbsp;Nast\u0119pnie&nbsp;rozpalono&nbsp;ognisko i&nbsp;by\u0142y&nbsp;pieczone kie\u0142baski z grilla.&nbsp;&nbsp; Dzi\u0119kujemy za uczestnictwo w naszym&nbsp; spotkaniu Panu Markowi&nbsp;Wojtkowskiemu Prezydentowi Miasta W\u0142oc\u0142awek &hellip; <\/p>\n<p class=\"link-more\"><a href=\"http:\/\/eurointegracja.pl\/?p=5824\" class=\"more-link\">Czytaj dalej<span class=\"screen-reader-text\"> \u201e1 sierpnia \u015bwi\u0119to\u201d<\/span><\/a><\/p>\n","protected":false},"author":1,"featured_media":0,"comment_status":"open","ping_status":"open","sticky":false,"template":"","format":"standard","meta":[],"categories":[4,5],"tags":[],"_links":{"self":[{"href":"http:\/\/eurointegracja.pl\/index.php?rest_route=\/wp\/v2\/posts\/5824"}],"collection":[{"href":"http:\/\/eurointegracja.pl\/index.php?rest_route=\/wp\/v2\/posts"}],"about":[{"href":"http:\/\/eurointegracja.pl\/index.php?rest_route=\/wp\/v2\/types\/post"}],"author":[{"embeddable":true,"href":"http:\/\/eurointegracja.pl\/index.php?rest_route=\/wp\/v2\/users\/1"}],"replies":[{"embeddable":true,"href":"http:\/\/eurointegracja.pl\/index.php?rest_route=%2Fwp%2Fv2%2Fcomments&post=5824"}],"version-history":[{"count":2,"href":"http:\/\/eurointegracja.pl\/index.php?rest_route=\/wp\/v2\/posts\/5824\/revisions"}],"predecessor-version":[{"id":5832,"href":"http:\/\/eurointegracja.pl\/index.php?rest_route=\/wp\/v2\/posts\/5824\/revisions\/5832"}],"wp:attachment":[{"href":"http:\/\/eurointegracja.pl\/index.php?rest_route=%2Fwp%2Fv2%2Fmedia&parent=5824"}],"wp:term":[{"taxonomy":"category","embeddable":true,"href":"http:\/\/eurointegracja.pl\/index.php?rest_route=%2Fwp%2Fv2%2Fcategories&post=5824"},{"taxonomy":"post_tag","embeddable":true,"href":"http:\/\/eurointegracja.pl\/index.php?rest_route=%2Fwp%2Fv2%2Ftags&post=5824"}],"curies":[{"name":"wp","href":"https:\/\/api.w.org\/{rel}","templated":true}]}}