{"id":5843,"date":"2020-11-25T22:44:11","date_gmt":"2020-11-25T22:44:11","guid":{"rendered":"http:\/\/eu-wsn.wloclawek.pl\/?p=5843"},"modified":"2020-11-25T22:45:01","modified_gmt":"2020-11-25T22:45:01","slug":"zaczne-zyc-inaczej-szczyt-moich-mozliwosci","status":"publish","type":"post","link":"http:\/\/eurointegracja.pl\/?p=5843","title":{"rendered":"Zaczn\u0119 \u017cy\u0107 inaczej &#8211; szczyt moich mo\u017cliwo\u015bci"},"content":{"rendered":"\n<p>Projekt pn. \u201eZaczn\u0119 \u017cy\u0107 inaczej &#8211; szczyt moich mo\u017cliwo\u015bci\u201d inspirowany przez W\u0142oc\u0142awskie Stowarzyszenie Niepe\u0142nosprawnych \u201eEurointegracja\u201d sfinansowany przez Urz\u0119du Miasta W\u0142oc\u0142awek Wydzia\u0142 Polityki Spo\u0142ecznej i Zdrowia Publicznego w zakresie ochrony i promocji zdrowia oraz dzia\u0142a\u0144 na rzecz os\u00f3b niepe\u0142nosprawnych.<\/p>\n\n\n\n<p>Naszym zamierzeniem by\u0142o przygotowanie propozycji i zrealizowanie r\u00f3\u017cnorodnych form sp\u0119dzania czasu wolnego przez dzieci i m\u0142odzie\u017c. Przygotowali\u015bmy atrakcyjny program dostosowany do mo\u017cliwo\u015bci dzieci, m\u0142odzie\u017cy niepe\u0142nosprawnej jak r\u00f3wnie\u017c ich rodzic\u00f3w, chcieli\u015bmy w ten spos\u00f3b wyci\u0105gn\u0105\u0107 naszych ma\u0142olat\u00f3w z dom\u00f3w, sprzed telewizor\u00f3w i komputer\u00f3w. Zale\u017ca\u0142o nam na pokazaniu i zrealizowaniu projektu, kt\u00f3ry b\u0119dzie \u015bwiadczy\u0142, \u017ce czas wolny mo\u017cna sp\u0119dza\u0107 inaczej, bardziej aktywnie poprzez rozwijanie zainteresowa\u0144 i w\u0142asnych pasji.<\/p>\n\n\n\n<p>Do udzia\u0142u w naszym projekcie zaprosili\u015bmy og\u00f3\u0142em 100 uczestnik\u00f3w, zainteresowanych m\u0142odych ludzi z Zespo\u0142u Szk\u00f3\u0142 Nr 3 we W\u0142oc\u0142awku, jak r\u00f3wnie\u017c cz\u0142onk\u00f3w naszego Stowarzyszenia.<\/p>\n\n\n\n<p>Nasze propozycje oraz kadra realizuj\u0105ca projekt (w tym kadra z Zespo\u0142u Szk\u00f3\u0142 Nr 3 we W\u0142oc\u0142awku) zapewni\u0142a uczestnikom efektywne sp\u0119dzanie wolnego czasu przy ich aktywnym uczestnictwie.<\/p>\n\n\n\n<p>Nazwa szczyt\u00f3w by\u0142a symboliczna i mia\u0142a odzwierciedla\u0107 r\u00f3\u017cnorakie aspekty osobowo\u015bci uczestnik\u00f3w projektu.<br>Ka\u017cdy szczyt mia\u0142 swoist\u0105 charakterystyk\u0119 dzia\u0142a\u0144 i pokonanie wszystkich tych etap\u00f3w by\u0142o \u015bwiadectwem samorealizacji.<\/p>\n\n\n\n<p>Dofinansowanie ze \u015brodk\u00f3w Gminy Miasta W\u0142oc\u0142awek zadania pn. \u201eZaczn\u0119 \u017cy\u0107 inaczej &#8211; szczyt moich mo\u017cliwo\u015bci\u201d realizowane b\u0119d\u0105 poprzez:<\/p>\n\n\n\n<p>\u25cf Pierwszy szczyt &#8211; zaj\u0119cia kulturalno-edukacyjno- \u015bwietlicowe,<br>\u25cf Drugi szczyt &#8211; zaj\u0119cia w formie rozm\u00f3w i pogadanek oraz dyskusji (panele tematyczne),<br>\u25cf Trzeci szczyt &#8211; warsztaty rytmiczno-taneczne,<br>\u25cf Czwarty szczyt &#8211; warsztaty sportowo-rekreacyjne zako\u0144czone mini zawodami sportowymi &#8211; kr\u0119gielnia (w formie gier i zabaw),<br>\u25cf Pi\u0105ty szczyt &#8211; konkursy tematyczne,<br>\u25cf Sz\u00f3sty szczyt &#8211; Multikino we W\u0142oc\u0142awku,<br>\u25cf Si\u00f3dmy szczyt &#8211; piknik w Agrofarmie Grabina k\/W\u0142oc\u0142awka (gry i zabawy rekreacyjno-sportowe, turniej sprawno\u015bciowy,)<br>\u25cf \u00d3smy szczyt \u2013 m\u00f3j najciekawszy rysunek,<br>\u25cf Dziewi\u0105ty szczyt &#8211; Spotkanie Andrzejkowe po\u0142\u0105czone ze \u015bwi\u0119tem 6 grudnia \u201eMiko\u0142aj rozdaje cukierki\u201d, kt\u00f3re przyczyni si\u0119 do czynnego uczestnictwa,<\/p>\n","protected":false},"excerpt":{"rendered":"<p>Projekt pn. \u201eZaczn\u0119 \u017cy\u0107 inaczej &#8211; szczyt moich mo\u017cliwo\u015bci\u201d inspirowany przez W\u0142oc\u0142awskie Stowarzyszenie Niepe\u0142nosprawnych \u201eEurointegracja\u201d sfinansowany przez Urz\u0119du Miasta W\u0142oc\u0142awek Wydzia\u0142 Polityki Spo\u0142ecznej i Zdrowia Publicznego w zakresie ochrony i promocji zdrowia oraz dzia\u0142a\u0144 na rzecz os\u00f3b niepe\u0142nosprawnych. Naszym zamierzeniem by\u0142o przygotowanie propozycji i zrealizowanie r\u00f3\u017cnorodnych form sp\u0119dzania czasu wolnego przez dzieci i m\u0142odzie\u017c. Przygotowali\u015bmy &hellip; <\/p>\n<p class=\"link-more\"><a href=\"http:\/\/eurointegracja.pl\/?p=5843\" class=\"more-link\">Czytaj dalej<span class=\"screen-reader-text\"> \u201eZaczn\u0119 \u017cy\u0107 inaczej &#8211; szczyt moich mo\u017cliwo\u015bci\u201d<\/span><\/a><\/p>\n","protected":false},"author":1,"featured_media":0,"comment_status":"open","ping_status":"open","sticky":false,"template":"","format":"standard","meta":[],"categories":[4],"tags":[],"_links":{"self":[{"href":"http:\/\/eurointegracja.pl\/index.php?rest_route=\/wp\/v2\/posts\/5843"}],"collection":[{"href":"http:\/\/eurointegracja.pl\/index.php?rest_route=\/wp\/v2\/posts"}],"about":[{"href":"http:\/\/eurointegracja.pl\/index.php?rest_route=\/wp\/v2\/types\/post"}],"author":[{"embeddable":true,"href":"http:\/\/eurointegracja.pl\/index.php?rest_route=\/wp\/v2\/users\/1"}],"replies":[{"embeddable":true,"href":"http:\/\/eurointegracja.pl\/index.php?rest_route=%2Fwp%2Fv2%2Fcomments&post=5843"}],"version-history":[{"count":1,"href":"http:\/\/eurointegracja.pl\/index.php?rest_route=\/wp\/v2\/posts\/5843\/revisions"}],"predecessor-version":[{"id":5844,"href":"http:\/\/eurointegracja.pl\/index.php?rest_route=\/wp\/v2\/posts\/5843\/revisions\/5844"}],"wp:attachment":[{"href":"http:\/\/eurointegracja.pl\/index.php?rest_route=%2Fwp%2Fv2%2Fmedia&parent=5843"}],"wp:term":[{"taxonomy":"category","embeddable":true,"href":"http:\/\/eurointegracja.pl\/index.php?rest_route=%2Fwp%2Fv2%2Fcategories&post=5843"},{"taxonomy":"post_tag","embeddable":true,"href":"http:\/\/eurointegracja.pl\/index.php?rest_route=%2Fwp%2Fv2%2Ftags&post=5843"}],"curies":[{"name":"wp","href":"https:\/\/api.w.org\/{rel}","templated":true}]}}