{"id":5845,"date":"2020-11-25T22:50:15","date_gmt":"2020-11-25T22:50:15","guid":{"rendered":"http:\/\/eu-wsn.wloclawek.pl\/?p=5845"},"modified":"2020-11-25T22:50:37","modified_gmt":"2020-11-25T22:50:37","slug":"siodmy-szczyt-piknik-w-agrofarmie-grabina","status":"publish","type":"post","link":"http:\/\/eurointegracja.pl\/?p=5845","title":{"rendered":"Si\u00f3dmy szczyt &#8211; piknik w Agrofarmie Grabina"},"content":{"rendered":"\n<p><\/p>\n\n\n\n<p class=\"has-text-align-center has-large-font-size\"><strong><em>PROGRAM Pikniku<\/em><\/strong><\/p>\n\n\n\n<div class=\"wp-block-image\"><figure class=\"aligncenter size-large\"><img decoding=\"async\" loading=\"lazy\" width=\"238\" height=\"88\" src=\"http:\/\/eu-wsn.wloclawek.pl\/wp-content\/uploads\/2020\/08\/image-1.png\" alt=\"\" class=\"wp-image-5822\"\/><\/figure><\/div>\n\n\n\n<p class=\"has-text-align-center\"><strong>Si\u00f3dmy szczyt<\/strong> &#8211; piknik w Agrofarmie Grabina k\/W\u0142oc\u0142awka (gry i zabawy rekreacyjno-sportowe, turniej sprawno\u015bciowy i inne) wg. projekt pn.<strong> \u00a0\u201eZaczn\u0119 \u017cy\u0107 inaczej &#8211; szczyt moich mo\u017cliwo\u015bci\u201d<\/strong> inspirowany przez W\u0142oc\u0142awskie Stowarzyszenie Niepe\u0142nosprawnych \u201eEurointegracja\u201d<\/p>\n\n\n\n<p><strong>Program minutowy:\u00a0\u00a0\u00a0\u00a0<\/strong><\/p>\n\n\n\n<p>\u25cf\u00a0 <strong>11.00\u00a0\u00a0\u00a0\u00a0\u00a0\u00a0\u00a0\u00a0\u00a0\u00a0\u00a0\u00a0\u00a0\u00a0\u00a0 <\/strong>Przejazd autokaremdo Agrofarmy Grabina<br>\u25cf\u00a0 <strong>11.20 \u2013 11.30<\/strong>\u00a0\u00a0 Powitanie Go\u015bci i zaproszenie do wsp\u00f3lnego biesiadowania<br>\u25cf\u00a0 <strong>11.30 \u2013 12.00<\/strong>\u00a0\u00a0 Atrakcja pikniku \u2013 \u00a0pl\u0105sy, ta\u0144ce przy muzyce &#8211; \u00a0prowadzi Magdalena Musielewicz<br>\u25cf\u00a0\u00a0 <strong>12.00 \u2013 12.20<\/strong>\u00a0\u00a0 Mini konkurs \u2013 \u201ePoka\u017c swoj\u0105 much\u0119\u201d<br>\u25cf\u00a0\u00a0 <strong>12.20 \u2013 13.00<\/strong>\u00a0\u00a0 Czas na kawusi\u0119 i ciasteczko<br>\u25cf \u00a0\u00a0<strong>13.00 \u2013 13.20\u00a0\u00a0 <\/strong>Ko\u0142o fortuny dla ch\u0119tnych orazNordic-walking dla wszystkich ch\u0119tnych<br>\u25cf\u00a0\u00a0 <strong>13.40 \u2013 14.10<\/strong>\u00a0\u00a0 Sportowe zmagania \u2013 gry i zabawy rekreacyjno-sportow<br>\u25cf \u00a0\u00a0<strong>13.30 \u2013 14.15<\/strong>\u00a0\u00a0 Posi\u0142ek \/obiad\/ dla wszystkich os\u00f3b uczestnicz\u0105cych w pikniku<br>\u25cf \u00a0\u00a0<strong>14.00 \u2013 15.00<\/strong>\u00a0 \u00a0Muzyka- ta\u0144ce przerywane letnimi trendami modowymi \u2013 Euro 2020 (pokaz mody), do pokazuzapraszamy wszystkie ch\u0119tne osoby<\/p>\n\n\n\n<p><strong>w trakcie pikniku \u00a0\u00a0\u00a0<\/strong>ta\u0144ce, hulanki, swawole przy muzyce mechanicznej<br><strong>w trakcie pikniku\u00a0\u00a0 \u00a0<\/strong>nagrody i upominki dla os\u00f3b bior\u0105cych udzia\u0142 w pikniku<br><strong>w trakcie pikniku<\/strong>\u00a0 inne niespodzianki,<br><strong>15.00 \u2013 wyjazd pierwszej grupy do W\u0142oc\u0142awka<\/strong><br><strong>16.00 \u2013 wyjazd drugiej\u00a0 grupy do W\u0142oc\u0142awka<\/strong><\/p>\n","protected":false},"excerpt":{"rendered":"<p>PROGRAM Pikniku Si\u00f3dmy szczyt &#8211; piknik w Agrofarmie Grabina k\/W\u0142oc\u0142awka (gry i zabawy rekreacyjno-sportowe, turniej sprawno\u015bciowy i inne) wg. projekt pn. \u00a0\u201eZaczn\u0119 \u017cy\u0107 inaczej &#8211; szczyt moich mo\u017cliwo\u015bci\u201d inspirowany przez W\u0142oc\u0142awskie Stowarzyszenie Niepe\u0142nosprawnych \u201eEurointegracja\u201d Program minutowy:\u00a0\u00a0\u00a0\u00a0 \u25cf\u00a0 11.00\u00a0\u00a0\u00a0\u00a0\u00a0\u00a0\u00a0\u00a0\u00a0\u00a0\u00a0\u00a0\u00a0\u00a0\u00a0 Przejazd autokaremdo Agrofarmy Grabina\u25cf\u00a0 11.20 \u2013 11.30\u00a0\u00a0 Powitanie Go\u015bci i zaproszenie do wsp\u00f3lnego biesiadowania\u25cf\u00a0 11.30 \u2013 12.00\u00a0\u00a0 &hellip; <\/p>\n<p class=\"link-more\"><a href=\"http:\/\/eurointegracja.pl\/?p=5845\" class=\"more-link\">Czytaj dalej<span class=\"screen-reader-text\"> \u201eSi\u00f3dmy szczyt &#8211; piknik w Agrofarmie Grabina\u201d<\/span><\/a><\/p>\n","protected":false},"author":1,"featured_media":0,"comment_status":"open","ping_status":"open","sticky":false,"template":"","format":"standard","meta":[],"categories":[4],"tags":[],"_links":{"self":[{"href":"http:\/\/eurointegracja.pl\/index.php?rest_route=\/wp\/v2\/posts\/5845"}],"collection":[{"href":"http:\/\/eurointegracja.pl\/index.php?rest_route=\/wp\/v2\/posts"}],"about":[{"href":"http:\/\/eurointegracja.pl\/index.php?rest_route=\/wp\/v2\/types\/post"}],"author":[{"embeddable":true,"href":"http:\/\/eurointegracja.pl\/index.php?rest_route=\/wp\/v2\/users\/1"}],"replies":[{"embeddable":true,"href":"http:\/\/eurointegracja.pl\/index.php?rest_route=%2Fwp%2Fv2%2Fcomments&post=5845"}],"version-history":[{"count":1,"href":"http:\/\/eurointegracja.pl\/index.php?rest_route=\/wp\/v2\/posts\/5845\/revisions"}],"predecessor-version":[{"id":5846,"href":"http:\/\/eurointegracja.pl\/index.php?rest_route=\/wp\/v2\/posts\/5845\/revisions\/5846"}],"wp:attachment":[{"href":"http:\/\/eurointegracja.pl\/index.php?rest_route=%2Fwp%2Fv2%2Fmedia&parent=5845"}],"wp:term":[{"taxonomy":"category","embeddable":true,"href":"http:\/\/eurointegracja.pl\/index.php?rest_route=%2Fwp%2Fv2%2Fcategories&post=5845"},{"taxonomy":"post_tag","embeddable":true,"href":"http:\/\/eurointegracja.pl\/index.php?rest_route=%2Fwp%2Fv2%2Ftags&post=5845"}],"curies":[{"name":"wp","href":"https:\/\/api.w.org\/{rel}","templated":true}]}}