{"id":5847,"date":"2020-11-25T22:54:03","date_gmt":"2020-11-25T22:54:03","guid":{"rendered":"http:\/\/eu-wsn.wloclawek.pl\/?p=5847"},"modified":"2021-09-01T15:55:37","modified_gmt":"2021-09-01T15:55:37","slug":"nowa-perspektywa","status":"publish","type":"post","link":"http:\/\/eurointegracja.pl\/?p=5847","title":{"rendered":"Nowa Perspektywa"},"content":{"rendered":"\n<p class=\"has-text-align-center\">PROJEKT pn. \u201eNowa Perspektywa\u201d<br> realizowany w zakresie: FUNDACJI \u201eANWIL dla W\u0142oc\u0142awka\u201d<\/p>\n\n\n\n<p>Projekt pn. \u201e<strong>Nowa Perspektywa<\/strong>\u201d stworzony zosta\u0142 z my\u015bl\u0105 o osobach niepe\u0142nosprawnych, w tym cz\u0142onk\u00f3w Stowarzyszenia, ich rodzin, przyjaci\u00f3\u0142, m\u0142odzie\u017cy szkolnej oraz spo\u0142eczno\u015bci lokalnej. Naszym zamierzeniem jest przygotowanie propozycji i zrealizowanie r\u00f3\u017cnorodnych form pomocy dla wszystkich, kt\u00f3rzy po wyj\u0105tkowej, nowej sytuacji spowodowanej pandemi\u0105 COVID-19 zostali wykluczeni spo\u0142ecznie. Zamkni\u0119cie w domach i wszelkie zakazy, kt\u00f3re pojawi\u0142y si\u0119 w zwi\u0105zku ze stanem pandemicznym, spowodowa\u0142y, \u017ce osoby niepe\u0142nosprawne nie mog\u0142y czynnie uczestniczy\u0107 w \u017cyciu publicznym, mog\u0142y mie\u0107 utrudniony dost\u0119p do internetu, nie mog\u0142y podejmowa\u0107 pracy, przez co wiele relacji spo\u0142ecznych uleg\u0142o pogorszeniu lub zupe\u0142nemu \u201ezamro\u017ceniu\u201d.<br>W ramach \u201eNowej Perspektywy\u201d otworzymy si\u0119 ponownie na \u015bwiat, i przywr\u00f3cimy relacje spo\u0142eczne, aby polepszy\u0107 zdrowie psychiczne.<br>Zale\u017cy nam bardzo na integracji os\u00f3b starszych ze stowarzyszenia ze spo\u0142eczno\u015bci\u0105 lokaln\u0105 i m\u0142odym pokoleniem. Wszystkie dzia\u0142ania przygotowane dla starszego pokolenia wp\u0142yn\u0105 na dobre i godne uczestnictwo w ich \u017cyciu, na odkrywanie po raz drugi swoich zainteresowa\u0144, pasji i talent\u00f3w, m\u0142odszym na pomocy tym osobom i integracji mi\u0119dzypokoleniowej.<br>Realizacja tego zadania, b\u0119dzie \u015bwiadczy\u0142a, \u017ce ju\u017c jest czas na niwelowanie skutk\u00f3w pandemii koronawirusa SARS-CoV-2. Jest ju\u017c czas na edukacj\u0119, aktywno\u015b\u0107, integracj\u0119, rozwijanie swoich zainteresowa\u0144, pasji, zaspakajanie potrzeb i bycie bardziej kreatywnym<\/p>\n\n\n\n<div class=\"wp-block-image\"><figure class=\"aligncenter size-large\"><img decoding=\"async\" loading=\"lazy\" width=\"458\" height=\"208\" src=\"http:\/\/eu-wsn.wloclawek.pl\/wp-content\/uploads\/2020\/11\/image001-2.jpg\" alt=\"\" class=\"wp-image-5848\" srcset=\"http:\/\/eurointegracja.pl\/wp-content\/uploads\/2020\/11\/image001-2.jpg 458w, http:\/\/eurointegracja.pl\/wp-content\/uploads\/2020\/11\/image001-2-300x136.jpg 300w\" sizes=\"(max-width: 458px) 100vw, 458px\" \/><\/figure><\/div>\n\n\n\n<p class=\"has-text-align-center\">Projekt sfinansowany przez FUNDACJ\u0118 \u201eANWIL dla W\u0142oc\u0142awka\u201d<\/p>\n","protected":false},"excerpt":{"rendered":"<p>PROJEKT pn. \u201eNowa Perspektywa\u201d realizowany w zakresie: FUNDACJI \u201eANWIL dla W\u0142oc\u0142awka\u201d Projekt pn. \u201eNowa Perspektywa\u201d stworzony zosta\u0142 z my\u015bl\u0105 o osobach niepe\u0142nosprawnych, w tym cz\u0142onk\u00f3w Stowarzyszenia, ich rodzin, przyjaci\u00f3\u0142, m\u0142odzie\u017cy szkolnej oraz spo\u0142eczno\u015bci lokalnej. Naszym zamierzeniem jest przygotowanie propozycji i zrealizowanie r\u00f3\u017cnorodnych form pomocy dla wszystkich, kt\u00f3rzy po wyj\u0105tkowej, nowej sytuacji spowodowanej pandemi\u0105 COVID-19 zostali &hellip; <\/p>\n<p class=\"link-more\"><a href=\"http:\/\/eurointegracja.pl\/?p=5847\" class=\"more-link\">Czytaj dalej<span class=\"screen-reader-text\"> \u201eNowa Perspektywa\u201d<\/span><\/a><\/p>\n","protected":false},"author":1,"featured_media":0,"comment_status":"open","ping_status":"open","sticky":false,"template":"","format":"standard","meta":[],"categories":[4,1],"tags":[],"_links":{"self":[{"href":"http:\/\/eurointegracja.pl\/index.php?rest_route=\/wp\/v2\/posts\/5847"}],"collection":[{"href":"http:\/\/eurointegracja.pl\/index.php?rest_route=\/wp\/v2\/posts"}],"about":[{"href":"http:\/\/eurointegracja.pl\/index.php?rest_route=\/wp\/v2\/types\/post"}],"author":[{"embeddable":true,"href":"http:\/\/eurointegracja.pl\/index.php?rest_route=\/wp\/v2\/users\/1"}],"replies":[{"embeddable":true,"href":"http:\/\/eurointegracja.pl\/index.php?rest_route=%2Fwp%2Fv2%2Fcomments&post=5847"}],"version-history":[{"count":1,"href":"http:\/\/eurointegracja.pl\/index.php?rest_route=\/wp\/v2\/posts\/5847\/revisions"}],"predecessor-version":[{"id":5849,"href":"http:\/\/eurointegracja.pl\/index.php?rest_route=\/wp\/v2\/posts\/5847\/revisions\/5849"}],"wp:attachment":[{"href":"http:\/\/eurointegracja.pl\/index.php?rest_route=%2Fwp%2Fv2%2Fmedia&parent=5847"}],"wp:term":[{"taxonomy":"category","embeddable":true,"href":"http:\/\/eurointegracja.pl\/index.php?rest_route=%2Fwp%2Fv2%2Fcategories&post=5847"},{"taxonomy":"post_tag","embeddable":true,"href":"http:\/\/eurointegracja.pl\/index.php?rest_route=%2Fwp%2Fv2%2Ftags&post=5847"}],"curies":[{"name":"wp","href":"https:\/\/api.w.org\/{rel}","templated":true}]}}