{"id":5917,"date":"2021-02-16T13:32:18","date_gmt":"2021-02-16T13:32:18","guid":{"rendered":"http:\/\/eu-wsn.wloclawek.pl\/?p=5917"},"modified":"2021-09-01T15:55:37","modified_gmt":"2021-09-01T15:55:37","slug":"konkurs-fotograficzny","status":"publish","type":"post","link":"http:\/\/eurointegracja.pl\/?p=5917","title":{"rendered":"KONKURS FOTOGRAFICZNY"},"content":{"rendered":"\n<figure class=\"wp-block-image size-large\"><img decoding=\"async\" loading=\"lazy\" width=\"996\" height=\"1024\" src=\"http:\/\/eu-wsn.wloclawek.pl\/wp-content\/uploads\/2021\/02\/image004-996x1024.jpg\" alt=\"\" class=\"wp-image-5918\" srcset=\"http:\/\/eurointegracja.pl\/wp-content\/uploads\/2021\/02\/image004-996x1024.jpg 996w, http:\/\/eurointegracja.pl\/wp-content\/uploads\/2021\/02\/image004-292x300.jpg 292w, http:\/\/eurointegracja.pl\/wp-content\/uploads\/2021\/02\/image004-768x789.jpg 768w, http:\/\/eurointegracja.pl\/wp-content\/uploads\/2021\/02\/image004.jpg 1040w\" sizes=\"(max-width: 767px) 89vw, (max-width: 1000px) 54vw, (max-width: 1071px) 543px, 580px\" \/><\/figure>\n\n\n\n<p><strong>Drodzy Spo\u0142ecznicy,<\/strong><\/p>\n\n\n\n<p>to ju\u017c pewne, \u017ce zostali\u015bcie Laureatami Konkursu fotograficznego pn. Wolontariat w NGO.<br>Serdecznie gratulujemy i \u017cyczymy wiele ciekawych inicjatyw w Nowym 2021 Roku. \u017byczymy Wam by\u015bcie zawsze czuli si\u0119 docenieni, gdy\u017c Wasza praca na rzecz spo\u0142eczno\u015bci lokalnej jest szczeg\u00f3lna. Praca spo\u0142eczna-wolontarystyczna jest nieocenion\u0105 warto\u015bci\u0105 sam\u0105 w sobie! To , co robicie jest pi\u0119kne! Kontynuujcie sw\u0105 pasj\u0119 i zara\u017cajcie ni\u0105 innych. Gratulujemy!<\/p>\n\n\n\n<p>Warto\u015b\u0107 dodana jest taka, \u017ce w Nowy Rok weszli\u015bmy z pi\u0119knym kalendarzem przygotowanym przez wolontariuszy bior\u0105cych udzia\u0142 w projekcie Od wolontariatu do etatu.<\/p>\n\n\n\n<p>Kalendarz to efekt przeprowadzonego przez wolontariuszy konkursu fotograficznego WOLONTARIAT W NGO w ramach projektu Od wolontariatu do etatu realizowanego przez Gmin\u0119 Miasto W\u0142oc\u0142awek \/ W\u0142oc\u0142awskie Centrum Organizacji Pozarz\u0105dowych i Wolontariatu wsp\u00f3\u0142finansowanego ze \u015brodk\u00f3w unijnych w ramach Europejskiego Funduszu Spo\u0142ecznego.<\/p>\n\n\n\n<p>Przypominamy , i\u017c celem Konkursu by\u0142o:<br>\u2022 zarejestrowanie obraz\u00f3w i ludzi pracuj\u0105cych woluntarystycznie, ich dzia\u0142a\u0144, czyn\u00f3w i zachowania;<br>\u2022 promocja wolontariatu we w\u0142oc\u0142awskich organizacjach pozarz\u0105dowych<\/p>\n\n\n\n<p>Na konkurs nades\u0142anych zosta\u0142o 25 fotografii z 9 organizacji pozarz\u0105dowych. Komisja dokona\u0142a analizy prac konkursowych zgodnie z przyj\u0119tymi w regulaminie kryteriami.<br>Podczas oceniania prac jury bra\u0142o pod uwag\u0119 nast\u0119puj\u0105ce kryteria:<br>\u2022 zgodno\u015b\u0107 tematyczn\u0105,<br>\u2022 podej\u015bcie do tematu,<br>\u2022 pomys\u0142owo\u015b\u0107 uj\u0119\u0107,<br>\u2022 poziom estetyczny prac.<\/p>\n\n\n\n<p>Decyzj\u0105 Komisji przyznano I, II, III miejsce.<br>I miejsce: WO\u015aP W\u0142oc\u0142awek<br><strong><span class=\"has-inline-color has-vivid-red-color\">II miejsce: W\u0142oc\u0142awskie Stowarzyszenie Niepe\u0142nosprawnych Eurointegracja<\/span><\/strong><br>III miejsce: W\u0142oc\u0142awskie Stowarzyszenie Lotnicze<\/p>\n\n\n\n<p>Wszystkie wyr\u00f3\u017cnione prace znalaz\u0142y si\u0119 w kalendarzu na 2021 rok.<br>Raz jeszcze z serca gratulujemy i dzi\u0119kujemy za udzia\u0142 w konkursie<\/p>\n\n\n\n<div class=\"wp-block-group\"><div class=\"wp-block-group__inner-container is-layout-flow\">\n<p>Jury Konkursu w sk\u0142adzie:<br>Przewodnicz\u0105ca: Martyna G\u00f3rkiewicz<br>Cz\u0142onkowie: Klaudia Wili\u0144ska, Nicola Zawadzka, Marta Mroczkowska<\/p>\n<\/div><\/div>\n\n\n\n<figure class=\"wp-block-gallery columns-3 is-cropped wp-block-gallery-2 is-layout-flex\"><ul class=\"blocks-gallery-grid\"><li class=\"blocks-gallery-item\"><figure><img decoding=\"async\" loading=\"lazy\" width=\"734\" height=\"835\" src=\"http:\/\/eu-wsn.wloclawek.pl\/wp-content\/uploads\/2021\/02\/image002.jpg\" alt=\"\" data-id=\"5919\" data-full-url=\"http:\/\/eu-wsn.wloclawek.pl\/wp-content\/uploads\/2021\/02\/image002.jpg\" data-link=\"http:\/\/eu-wsn.wloclawek.pl\/?attachment_id=5919\" class=\"wp-image-5919\" srcset=\"http:\/\/eurointegracja.pl\/wp-content\/uploads\/2021\/02\/image002.jpg 734w, http:\/\/eurointegracja.pl\/wp-content\/uploads\/2021\/02\/image002-264x300.jpg 264w\" sizes=\"(max-width: 734px) 100vw, 734px\" \/><\/figure><\/li><li class=\"blocks-gallery-item\"><figure><img decoding=\"async\" loading=\"lazy\" width=\"595\" height=\"269\" src=\"http:\/\/eu-wsn.wloclawek.pl\/wp-content\/uploads\/2021\/02\/image003.jpg\" alt=\"\" data-id=\"5920\" data-full-url=\"http:\/\/eu-wsn.wloclawek.pl\/wp-content\/uploads\/2021\/02\/image003.jpg\" data-link=\"http:\/\/eu-wsn.wloclawek.pl\/?attachment_id=5920\" class=\"wp-image-5920\" srcset=\"http:\/\/eurointegracja.pl\/wp-content\/uploads\/2021\/02\/image003.jpg 595w, http:\/\/eurointegracja.pl\/wp-content\/uploads\/2021\/02\/image003-300x136.jpg 300w\" sizes=\"(max-width: 595px) 100vw, 595px\" \/><\/figure><\/li><li class=\"blocks-gallery-item\"><figure><img decoding=\"async\" loading=\"lazy\" width=\"996\" height=\"1024\" src=\"http:\/\/eu-wsn.wloclawek.pl\/wp-content\/uploads\/2021\/02\/image004-1-996x1024.jpg\" alt=\"\" data-id=\"5921\" data-full-url=\"http:\/\/eu-wsn.wloclawek.pl\/wp-content\/uploads\/2021\/02\/image004-1.jpg\" data-link=\"http:\/\/eu-wsn.wloclawek.pl\/?attachment_id=5921\" class=\"wp-image-5921\" srcset=\"http:\/\/eurointegracja.pl\/wp-content\/uploads\/2021\/02\/image004-1-996x1024.jpg 996w, http:\/\/eurointegracja.pl\/wp-content\/uploads\/2021\/02\/image004-1-292x300.jpg 292w, http:\/\/eurointegracja.pl\/wp-content\/uploads\/2021\/02\/image004-1-768x789.jpg 768w, http:\/\/eurointegracja.pl\/wp-content\/uploads\/2021\/02\/image004-1.jpg 1040w\" sizes=\"(max-width: 767px) 89vw, (max-width: 1000px) 54vw, (max-width: 1071px) 543px, 580px\" \/><\/figure><\/li><li class=\"blocks-gallery-item\"><figure><img decoding=\"async\" loading=\"lazy\" width=\"595\" height=\"446\" src=\"http:\/\/eu-wsn.wloclawek.pl\/wp-content\/uploads\/2021\/02\/image005.jpg\" alt=\"\" data-id=\"5922\" data-full-url=\"http:\/\/eu-wsn.wloclawek.pl\/wp-content\/uploads\/2021\/02\/image005.jpg\" data-link=\"http:\/\/eu-wsn.wloclawek.pl\/?attachment_id=5922\" class=\"wp-image-5922\" srcset=\"http:\/\/eurointegracja.pl\/wp-content\/uploads\/2021\/02\/image005.jpg 595w, http:\/\/eurointegracja.pl\/wp-content\/uploads\/2021\/02\/image005-300x225.jpg 300w\" sizes=\"(max-width: 595px) 100vw, 595px\" \/><\/figure><\/li><li class=\"blocks-gallery-item\"><figure><img decoding=\"async\" loading=\"lazy\" width=\"595\" height=\"446\" src=\"http:\/\/eu-wsn.wloclawek.pl\/wp-content\/uploads\/2021\/02\/image006.jpg\" alt=\"\" data-id=\"5923\" data-full-url=\"http:\/\/eu-wsn.wloclawek.pl\/wp-content\/uploads\/2021\/02\/image006.jpg\" data-link=\"http:\/\/eu-wsn.wloclawek.pl\/?attachment_id=5923\" class=\"wp-image-5923\" srcset=\"http:\/\/eurointegracja.pl\/wp-content\/uploads\/2021\/02\/image006.jpg 595w, http:\/\/eurointegracja.pl\/wp-content\/uploads\/2021\/02\/image006-300x225.jpg 300w\" sizes=\"(max-width: 595px) 100vw, 595px\" \/><\/figure><\/li><li class=\"blocks-gallery-item\"><figure><img decoding=\"async\" loading=\"lazy\" width=\"1024\" height=\"470\" src=\"http:\/\/eu-wsn.wloclawek.pl\/wp-content\/uploads\/2021\/02\/image007-1024x470.jpg\" alt=\"\" data-id=\"5924\" data-full-url=\"http:\/\/eu-wsn.wloclawek.pl\/wp-content\/uploads\/2021\/02\/image007.jpg\" data-link=\"http:\/\/eu-wsn.wloclawek.pl\/?attachment_id=5924\" class=\"wp-image-5924\" srcset=\"http:\/\/eurointegracja.pl\/wp-content\/uploads\/2021\/02\/image007-1024x470.jpg 1024w, http:\/\/eurointegracja.pl\/wp-content\/uploads\/2021\/02\/image007-300x138.jpg 300w, http:\/\/eurointegracja.pl\/wp-content\/uploads\/2021\/02\/image007-768x353.jpg 768w, http:\/\/eurointegracja.pl\/wp-content\/uploads\/2021\/02\/image007.jpg 1374w\" sizes=\"(max-width: 767px) 89vw, (max-width: 1000px) 54vw, (max-width: 1071px) 543px, 580px\" \/><\/figure><\/li><li class=\"blocks-gallery-item\"><figure><img decoding=\"async\" loading=\"lazy\" width=\"595\" height=\"446\" src=\"http:\/\/eu-wsn.wloclawek.pl\/wp-content\/uploads\/2021\/02\/image008.jpg\" alt=\"\" data-id=\"5925\" data-full-url=\"http:\/\/eu-wsn.wloclawek.pl\/wp-content\/uploads\/2021\/02\/image008.jpg\" data-link=\"http:\/\/eu-wsn.wloclawek.pl\/?attachment_id=5925\" class=\"wp-image-5925\" srcset=\"http:\/\/eurointegracja.pl\/wp-content\/uploads\/2021\/02\/image008.jpg 595w, http:\/\/eurointegracja.pl\/wp-content\/uploads\/2021\/02\/image008-300x225.jpg 300w\" sizes=\"(max-width: 595px) 100vw, 595px\" \/><\/figure><\/li><li class=\"blocks-gallery-item\"><figure><img decoding=\"async\" loading=\"lazy\" width=\"556\" height=\"572\" src=\"http:\/\/eu-wsn.wloclawek.pl\/wp-content\/uploads\/2021\/02\/image009.jpg\" alt=\"\" data-id=\"5926\" data-full-url=\"http:\/\/eu-wsn.wloclawek.pl\/wp-content\/uploads\/2021\/02\/image009.jpg\" data-link=\"http:\/\/eu-wsn.wloclawek.pl\/?attachment_id=5926\" class=\"wp-image-5926\" srcset=\"http:\/\/eurointegracja.pl\/wp-content\/uploads\/2021\/02\/image009.jpg 556w, http:\/\/eurointegracja.pl\/wp-content\/uploads\/2021\/02\/image009-292x300.jpg 292w\" sizes=\"(max-width: 556px) 100vw, 556px\" \/><\/figure><\/li><li class=\"blocks-gallery-item\"><figure><img decoding=\"async\" loading=\"lazy\" width=\"595\" height=\"446\" src=\"http:\/\/eu-wsn.wloclawek.pl\/wp-content\/uploads\/2021\/02\/image010.jpg\" alt=\"\" data-id=\"5927\" data-full-url=\"http:\/\/eu-wsn.wloclawek.pl\/wp-content\/uploads\/2021\/02\/image010.jpg\" data-link=\"http:\/\/eu-wsn.wloclawek.pl\/?attachment_id=5927\" class=\"wp-image-5927\" srcset=\"http:\/\/eurointegracja.pl\/wp-content\/uploads\/2021\/02\/image010.jpg 595w, http:\/\/eurointegracja.pl\/wp-content\/uploads\/2021\/02\/image010-300x225.jpg 300w\" sizes=\"(max-width: 595px) 100vw, 595px\" \/><\/figure><\/li><\/ul><\/figure>\n","protected":false},"excerpt":{"rendered":"<p>Drodzy Spo\u0142ecznicy, to ju\u017c pewne, \u017ce zostali\u015bcie Laureatami Konkursu fotograficznego pn. Wolontariat w NGO.Serdecznie gratulujemy i \u017cyczymy wiele ciekawych inicjatyw w Nowym 2021 Roku. \u017byczymy Wam by\u015bcie zawsze czuli si\u0119 docenieni, gdy\u017c Wasza praca na rzecz spo\u0142eczno\u015bci lokalnej jest szczeg\u00f3lna. Praca spo\u0142eczna-wolontarystyczna jest nieocenion\u0105 warto\u015bci\u0105 sam\u0105 w sobie! To , co robicie jest pi\u0119kne! Kontynuujcie &hellip; <\/p>\n<p class=\"link-more\"><a href=\"http:\/\/eurointegracja.pl\/?p=5917\" class=\"more-link\">Czytaj dalej<span class=\"screen-reader-text\"> \u201eKONKURS FOTOGRAFICZNY\u201d<\/span><\/a><\/p>\n","protected":false},"author":1,"featured_media":0,"comment_status":"open","ping_status":"open","sticky":false,"template":"","format":"standard","meta":[],"categories":[4,1],"tags":[],"_links":{"self":[{"href":"http:\/\/eurointegracja.pl\/index.php?rest_route=\/wp\/v2\/posts\/5917"}],"collection":[{"href":"http:\/\/eurointegracja.pl\/index.php?rest_route=\/wp\/v2\/posts"}],"about":[{"href":"http:\/\/eurointegracja.pl\/index.php?rest_route=\/wp\/v2\/types\/post"}],"author":[{"embeddable":true,"href":"http:\/\/eurointegracja.pl\/index.php?rest_route=\/wp\/v2\/users\/1"}],"replies":[{"embeddable":true,"href":"http:\/\/eurointegracja.pl\/index.php?rest_route=%2Fwp%2Fv2%2Fcomments&post=5917"}],"version-history":[{"count":1,"href":"http:\/\/eurointegracja.pl\/index.php?rest_route=\/wp\/v2\/posts\/5917\/revisions"}],"predecessor-version":[{"id":5928,"href":"http:\/\/eurointegracja.pl\/index.php?rest_route=\/wp\/v2\/posts\/5917\/revisions\/5928"}],"wp:attachment":[{"href":"http:\/\/eurointegracja.pl\/index.php?rest_route=%2Fwp%2Fv2%2Fmedia&parent=5917"}],"wp:term":[{"taxonomy":"category","embeddable":true,"href":"http:\/\/eurointegracja.pl\/index.php?rest_route=%2Fwp%2Fv2%2Fcategories&post=5917"},{"taxonomy":"post_tag","embeddable":true,"href":"http:\/\/eurointegracja.pl\/index.php?rest_route=%2Fwp%2Fv2%2Ftags&post=5917"}],"curies":[{"name":"wp","href":"https:\/\/api.w.org\/{rel}","templated":true}]}}