{"id":6022,"date":"2021-09-01T15:39:44","date_gmt":"2021-09-01T15:39:44","guid":{"rendered":"http:\/\/eu-wsn.wloclawek.pl\/?p=6022"},"modified":"2021-09-01T15:55:12","modified_gmt":"2021-09-01T15:55:12","slug":"podsumowanie-projektu-grantowego-fundacji-anwil-dla-wloclawka-w-programie-budujemy-mosty-pn-nowa-perspektywa","status":"publish","type":"post","link":"http:\/\/eurointegracja.pl\/?p=6022","title":{"rendered":"Podsumowanie projektu Grantowego FUNDACJI \u201eANWIL dla W\u0142oc\u0142awka\u201d w programie \u201eBudujemy Mosty\u201d pn. \u201eNOWA PERSPEKTYWA\u201d"},"content":{"rendered":"\n<h3 class=\"wp-block-heading\">Zrealizowali\u015bmy prawie w 100% &#8211; zabrak\u0142o nam wyj\u015bcia do Multikina ( zakaz, zamkni\u0119te- KORONAWIRUS)<\/h3>\n\n\n\n<div class=\"wp-block-image\"><figure class=\"alignleft size-large is-resized\"><img decoding=\"async\" loading=\"lazy\" src=\"http:\/\/eu-wsn.wloclawek.pl\/wp-content\/uploads\/2020\/11\/image001-2.jpg\" alt=\"\" class=\"wp-image-5848\" width=\"258\" height=\"117\" srcset=\"http:\/\/eurointegracja.pl\/wp-content\/uploads\/2020\/11\/image001-2.jpg 458w, http:\/\/eurointegracja.pl\/wp-content\/uploads\/2020\/11\/image001-2-300x136.jpg 300w\" sizes=\"(max-width: 258px) 100vw, 258px\" \/><\/figure><\/div>\n\n\n\n<figure class=\"wp-block-image size-large is-resized\"><img decoding=\"async\" loading=\"lazy\" src=\"http:\/\/eu-wsn.wloclawek.pl\/wp-content\/uploads\/2020\/08\/image-1.png\" alt=\"\" class=\"wp-image-5822\" width=\"311\" height=\"114\"\/><\/figure>\n\n\n\n<p>Projekt pn. \u201eNowa Perspektywa\u201d zosta\u0142 stworzony z my\u015bl\u0105 o osobach niepe\u0142nosprawnych i spo\u0142eczno\u015bci w\u0142oc\u0142awskiej starszej i m\u0142odszej. Zaprosili\u015bmy zaprzyja\u017anione stowarzyszenia: Stowarzyszenie \u201eStar\u00f3wka\u201d ; Medyczny Uniwersytet III Wieku i Stowarzyszenie \u201eAmazonki\u201d<\/p>\n\n\n\n<ol start=\"2\"><li>W ramach \u201eNowej Perspektywy\u201d otworzyli\u015bmy si\u0119 ponownie na \u015bwiat i starali\u015bmy si\u0119 przywr\u00f3ci\u0107 relacje spo\u0142eczne, aby polepszy\u0107 zdrowie psychiczne i fizyczne.<\/li><li>Mieli\u015bmy czas na edukacj\u0119, aktywno\u015b\u0107, integracj\u0119, rozwijanie zainteresowa\u0144, pasji, zaspakajanie potrzeb oraz wyzwolili\u015bmy w sobie kreatywno\u015b\u0107.<\/li><li>Przeprowadzili\u015bmy wiele warsztat\u00f3w, spotka\u0144 pod k\u0105tem: . <br>\u25cf rozwijania talentu, pasji i zainteresowa\u0144 \u2013 florystyka, r\u0119kodzielnictwo, plastyka <br>\u25cf makija\u017cu Make-up bez tajemnic\u201d) <br>\u25cf gotuj mi\u0119dzypokoleniowo \u2013 jedz i \u017cyj zdrowo! \u2013 warsztaty kulinarne. <br>\u25cf na aktywno\u015b\u0107 fizyczn\u0105 nigdy nie jest za p\u00f3\u017ano<\/li><li>Przeprowadzili\u015bmy konkursy: <br>\u25cf quiz pn. \u201eJeden z sze\u015bciu\u201d- edukacyjny \u2013 quiz wiadomo\u015bci z r\u00f3\u017cnych <code>dziedzin \u017cycia pomi\u0119dzy \u201eStar\u00f3wk\u0105\u201d, Medycznym Uniwersytecie III Wieku i<\/code> \u201eEurointegracj\u0105\u201d z nagrodami, <br>\u25cf konkurs \u2013 \u201eserca walentynkowe\u201d r\u00f3wnie\u017c z nagrodami<\/li><li>W dniu 26.02.2021 zako\u0144czyli\u015bmy projekt \u201ePiknikiem mi\u0119dzypokoleniowym \u2013 Walentynki\u201d pn. \u201eSERCA DWA\u201d<\/li><\/ol>\n\n\n\n<!--more czytaj wi\u0119cej-->\n\n\n\n<!--nextpage-->\n\n\n\n<h2 class=\"wp-block-heading\">Zaj\u0119cia plastyczne i r\u0119kodzielnicze w siedzibie Stowarzyszenia<\/h2>\n\n\n\n<figure class=\"wp-block-gallery columns-2 is-cropped wp-block-gallery-1 is-layout-flex\"><ul class=\"blocks-gallery-grid\"><li class=\"blocks-gallery-item\"><figure><img decoding=\"async\" loading=\"lazy\" width=\"538\" height=\"355\" src=\"http:\/\/eu-wsn.wloclawek.pl\/wp-content\/uploads\/2021\/08\/image003-2.jpg\" alt=\"\" data-id=\"6023\" data-full-url=\"http:\/\/eu-wsn.wloclawek.pl\/wp-content\/uploads\/2021\/08\/image003-2.jpg\" data-link=\"http:\/\/eu-wsn.wloclawek.pl\/?attachment_id=6023\" class=\"wp-image-6023\" srcset=\"http:\/\/eurointegracja.pl\/wp-content\/uploads\/2021\/08\/image003-2.jpg 538w, http:\/\/eurointegracja.pl\/wp-content\/uploads\/2021\/08\/image003-2-300x198.jpg 300w\" sizes=\"(max-width: 538px) 100vw, 538px\" \/><\/figure><\/li><li class=\"blocks-gallery-item\"><figure><img decoding=\"async\" loading=\"lazy\" width=\"548\" height=\"409\" src=\"http:\/\/eu-wsn.wloclawek.pl\/wp-content\/uploads\/2021\/08\/image004-2.jpg\" alt=\"\" data-id=\"6024\" data-full-url=\"http:\/\/eu-wsn.wloclawek.pl\/wp-content\/uploads\/2021\/08\/image004-2.jpg\" data-link=\"http:\/\/eu-wsn.wloclawek.pl\/?attachment_id=6024\" class=\"wp-image-6024\" srcset=\"http:\/\/eurointegracja.pl\/wp-content\/uploads\/2021\/08\/image004-2.jpg 548w, http:\/\/eurointegracja.pl\/wp-content\/uploads\/2021\/08\/image004-2-300x224.jpg 300w\" sizes=\"(max-width: 548px) 100vw, 548px\" \/><\/figure><\/li><li class=\"blocks-gallery-item\"><figure><img decoding=\"async\" loading=\"lazy\" width=\"543\" height=\"802\" src=\"http:\/\/eu-wsn.wloclawek.pl\/wp-content\/uploads\/2021\/08\/image005-2.jpg\" alt=\"\" data-id=\"6025\" data-full-url=\"http:\/\/eu-wsn.wloclawek.pl\/wp-content\/uploads\/2021\/08\/image005-2.jpg\" data-link=\"http:\/\/eu-wsn.wloclawek.pl\/?attachment_id=6025\" class=\"wp-image-6025\" srcset=\"http:\/\/eurointegracja.pl\/wp-content\/uploads\/2021\/08\/image005-2.jpg 543w, http:\/\/eurointegracja.pl\/wp-content\/uploads\/2021\/08\/image005-2-203x300.jpg 203w\" sizes=\"(max-width: 543px) 100vw, 543px\" \/><\/figure><\/li><li class=\"blocks-gallery-item\"><figure><img decoding=\"async\" loading=\"lazy\" width=\"562\" height=\"868\" src=\"http:\/\/eu-wsn.wloclawek.pl\/wp-content\/uploads\/2021\/08\/image006-2.jpg\" alt=\"\" data-id=\"6026\" data-full-url=\"http:\/\/eu-wsn.wloclawek.pl\/wp-content\/uploads\/2021\/08\/image006-2.jpg\" data-link=\"http:\/\/eu-wsn.wloclawek.pl\/?attachment_id=6026\" class=\"wp-image-6026\" srcset=\"http:\/\/eurointegracja.pl\/wp-content\/uploads\/2021\/08\/image006-2.jpg 562w, http:\/\/eurointegracja.pl\/wp-content\/uploads\/2021\/08\/image006-2-194x300.jpg 194w\" sizes=\"(max-width: 562px) 100vw, 562px\" \/><\/figure><\/li><li class=\"blocks-gallery-item\"><figure><img decoding=\"async\" loading=\"lazy\" width=\"572\" height=\"352\" src=\"http:\/\/eu-wsn.wloclawek.pl\/wp-content\/uploads\/2021\/08\/image007-2.jpg\" alt=\"\" data-id=\"6027\" data-full-url=\"http:\/\/eu-wsn.wloclawek.pl\/wp-content\/uploads\/2021\/08\/image007-2.jpg\" data-link=\"http:\/\/eu-wsn.wloclawek.pl\/?attachment_id=6027\" class=\"wp-image-6027\" srcset=\"http:\/\/eurointegracja.pl\/wp-content\/uploads\/2021\/08\/image007-2.jpg 572w, http:\/\/eurointegracja.pl\/wp-content\/uploads\/2021\/08\/image007-2-300x185.jpg 300w\" sizes=\"(max-width: 572px) 100vw, 572px\" \/><\/figure><\/li><li class=\"blocks-gallery-item\"><figure><img decoding=\"async\" loading=\"lazy\" width=\"560\" height=\"418\" src=\"http:\/\/eu-wsn.wloclawek.pl\/wp-content\/uploads\/2021\/08\/image008-2.jpg\" alt=\"\" data-id=\"6028\" data-full-url=\"http:\/\/eu-wsn.wloclawek.pl\/wp-content\/uploads\/2021\/08\/image008-2.jpg\" data-link=\"http:\/\/eu-wsn.wloclawek.pl\/?attachment_id=6028\" class=\"wp-image-6028\" srcset=\"http:\/\/eurointegracja.pl\/wp-content\/uploads\/2021\/08\/image008-2.jpg 560w, http:\/\/eurointegracja.pl\/wp-content\/uploads\/2021\/08\/image008-2-300x224.jpg 300w\" sizes=\"(max-width: 560px) 100vw, 560px\" \/><\/figure><\/li><li class=\"blocks-gallery-item\"><figure><img decoding=\"async\" loading=\"lazy\" width=\"586\" height=\"790\" src=\"http:\/\/eu-wsn.wloclawek.pl\/wp-content\/uploads\/2021\/08\/image009-2.jpg\" alt=\"\" data-id=\"6029\" data-full-url=\"http:\/\/eu-wsn.wloclawek.pl\/wp-content\/uploads\/2021\/08\/image009-2.jpg\" data-link=\"http:\/\/eu-wsn.wloclawek.pl\/?attachment_id=6029\" class=\"wp-image-6029\" srcset=\"http:\/\/eurointegracja.pl\/wp-content\/uploads\/2021\/08\/image009-2.jpg 586w, http:\/\/eurointegracja.pl\/wp-content\/uploads\/2021\/08\/image009-2-223x300.jpg 223w\" sizes=\"(max-width: 586px) 100vw, 586px\" \/><\/figure><\/li><li class=\"blocks-gallery-item\"><figure><img decoding=\"async\" loading=\"lazy\" width=\"598\" height=\"862\" src=\"http:\/\/eu-wsn.wloclawek.pl\/wp-content\/uploads\/2021\/08\/image010-2.jpg\" alt=\"\" data-id=\"6030\" data-full-url=\"http:\/\/eu-wsn.wloclawek.pl\/wp-content\/uploads\/2021\/08\/image010-2.jpg\" data-link=\"http:\/\/eu-wsn.wloclawek.pl\/?attachment_id=6030\" class=\"wp-image-6030\" srcset=\"http:\/\/eurointegracja.pl\/wp-content\/uploads\/2021\/08\/image010-2.jpg 598w, http:\/\/eurointegracja.pl\/wp-content\/uploads\/2021\/08\/image010-2-208x300.jpg 208w\" sizes=\"(max-width: 598px) 100vw, 598px\" \/><\/figure><\/li><li class=\"blocks-gallery-item\"><figure><img decoding=\"async\" loading=\"lazy\" width=\"628\" height=\"846\" src=\"http:\/\/eu-wsn.wloclawek.pl\/wp-content\/uploads\/2021\/08\/image012-1.jpg\" alt=\"\" data-id=\"6031\" data-full-url=\"http:\/\/eu-wsn.wloclawek.pl\/wp-content\/uploads\/2021\/08\/image012-1.jpg\" data-link=\"http:\/\/eu-wsn.wloclawek.pl\/?attachment_id=6031\" class=\"wp-image-6031\" srcset=\"http:\/\/eurointegracja.pl\/wp-content\/uploads\/2021\/08\/image012-1.jpg 628w, http:\/\/eurointegracja.pl\/wp-content\/uploads\/2021\/08\/image012-1-223x300.jpg 223w\" sizes=\"(max-width: 628px) 100vw, 628px\" \/><\/figure><\/li><li class=\"blocks-gallery-item\"><figure><img decoding=\"async\" loading=\"lazy\" width=\"624\" height=\"444\" src=\"http:\/\/eu-wsn.wloclawek.pl\/wp-content\/uploads\/2021\/08\/image013-1.jpg\" alt=\"\" data-id=\"6032\" data-full-url=\"http:\/\/eu-wsn.wloclawek.pl\/wp-content\/uploads\/2021\/08\/image013-1.jpg\" data-link=\"http:\/\/eu-wsn.wloclawek.pl\/?attachment_id=6032\" class=\"wp-image-6032\" srcset=\"http:\/\/eurointegracja.pl\/wp-content\/uploads\/2021\/08\/image013-1.jpg 624w, http:\/\/eurointegracja.pl\/wp-content\/uploads\/2021\/08\/image013-1-300x213.jpg 300w\" sizes=\"(max-width: 624px) 100vw, 624px\" \/><\/figure><\/li><li class=\"blocks-gallery-item\"><figure><img decoding=\"async\" loading=\"lazy\" width=\"400\" height=\"420\" src=\"http:\/\/eu-wsn.wloclawek.pl\/wp-content\/uploads\/2021\/08\/image014-1.jpg\" alt=\"\" data-id=\"6033\" data-full-url=\"http:\/\/eu-wsn.wloclawek.pl\/wp-content\/uploads\/2021\/08\/image014-1.jpg\" data-link=\"http:\/\/eu-wsn.wloclawek.pl\/?attachment_id=6033\" class=\"wp-image-6033\" srcset=\"http:\/\/eurointegracja.pl\/wp-content\/uploads\/2021\/08\/image014-1.jpg 400w, http:\/\/eurointegracja.pl\/wp-content\/uploads\/2021\/08\/image014-1-286x300.jpg 286w\" sizes=\"(max-width: 400px) 100vw, 400px\" \/><\/figure><\/li><\/ul><\/figure>\n\n\n\n<!--nextpage-->\n\n\n\n<h2 class=\"wp-block-heading\"><strong>Grant pn. \u201dBudujemy mosty<\/strong><\/h2>\n\n\n\n<p class=\"has-text-align-center has-medium-font-size\">sfinansowany przez<br>FUNDACJ\u0118 \u201eANWIL dla W\u0142oc\u0142awka\u201d<br>zrealizowany przez<br>WSN \u201eEurointegracja\u201d<\/p>\n\n\n\n<p class=\"has-text-align-center has-huge-font-size\">pn. \u201eNOWA PERSPEKTYWA\u201d<\/p>\n\n\n\n<figure class=\"wp-block-gallery columns-2 is-cropped wp-block-gallery-3 is-layout-flex\"><ul class=\"blocks-gallery-grid\"><li class=\"blocks-gallery-item\"><figure><img decoding=\"async\" loading=\"lazy\" width=\"400\" height=\"420\" src=\"http:\/\/eu-wsn.wloclawek.pl\/wp-content\/uploads\/2021\/09\/image014.jpg\" alt=\"\" data-id=\"6037\" data-full-url=\"http:\/\/eu-wsn.wloclawek.pl\/wp-content\/uploads\/2021\/09\/image014.jpg\" data-link=\"http:\/\/eu-wsn.wloclawek.pl\/?attachment_id=6037\" class=\"wp-image-6037\" srcset=\"http:\/\/eurointegracja.pl\/wp-content\/uploads\/2021\/09\/image014.jpg 400w, http:\/\/eurointegracja.pl\/wp-content\/uploads\/2021\/09\/image014-286x300.jpg 286w\" sizes=\"(max-width: 400px) 100vw, 400px\" \/><\/figure><\/li><li class=\"blocks-gallery-item\"><figure><img decoding=\"async\" loading=\"lazy\" width=\"623\" height=\"413\" src=\"http:\/\/eu-wsn.wloclawek.pl\/wp-content\/uploads\/2021\/09\/image015.jpg\" alt=\"\" data-id=\"6038\" data-full-url=\"http:\/\/eu-wsn.wloclawek.pl\/wp-content\/uploads\/2021\/09\/image015.jpg\" data-link=\"http:\/\/eu-wsn.wloclawek.pl\/?attachment_id=6038\" class=\"wp-image-6038\" srcset=\"http:\/\/eurointegracja.pl\/wp-content\/uploads\/2021\/09\/image015.jpg 623w, http:\/\/eurointegracja.pl\/wp-content\/uploads\/2021\/09\/image015-300x199.jpg 300w\" sizes=\"(max-width: 623px) 100vw, 623px\" \/><\/figure><\/li><li class=\"blocks-gallery-item\"><figure><img decoding=\"async\" loading=\"lazy\" width=\"623\" height=\"406\" src=\"http:\/\/eu-wsn.wloclawek.pl\/wp-content\/uploads\/2021\/09\/image016.jpg\" alt=\"\" data-id=\"6039\" data-full-url=\"http:\/\/eu-wsn.wloclawek.pl\/wp-content\/uploads\/2021\/09\/image016.jpg\" data-link=\"http:\/\/eu-wsn.wloclawek.pl\/?attachment_id=6039\" class=\"wp-image-6039\" srcset=\"http:\/\/eurointegracja.pl\/wp-content\/uploads\/2021\/09\/image016.jpg 623w, http:\/\/eurointegracja.pl\/wp-content\/uploads\/2021\/09\/image016-300x196.jpg 300w\" sizes=\"(max-width: 623px) 100vw, 623px\" \/><\/figure><\/li><li class=\"blocks-gallery-item\"><figure><img decoding=\"async\" loading=\"lazy\" width=\"592\" height=\"392\" src=\"http:\/\/eu-wsn.wloclawek.pl\/wp-content\/uploads\/2021\/09\/image017.jpg\" alt=\"\" data-id=\"6040\" data-full-url=\"http:\/\/eu-wsn.wloclawek.pl\/wp-content\/uploads\/2021\/09\/image017.jpg\" data-link=\"http:\/\/eu-wsn.wloclawek.pl\/?attachment_id=6040\" class=\"wp-image-6040\" srcset=\"http:\/\/eurointegracja.pl\/wp-content\/uploads\/2021\/09\/image017.jpg 592w, http:\/\/eurointegracja.pl\/wp-content\/uploads\/2021\/09\/image017-300x199.jpg 300w\" sizes=\"(max-width: 592px) 100vw, 592px\" \/><\/figure><\/li><li class=\"blocks-gallery-item\"><figure><img decoding=\"async\" loading=\"lazy\" width=\"603\" height=\"410\" src=\"http:\/\/eu-wsn.wloclawek.pl\/wp-content\/uploads\/2021\/09\/image018.jpg\" alt=\"\" data-id=\"6041\" data-full-url=\"http:\/\/eu-wsn.wloclawek.pl\/wp-content\/uploads\/2021\/09\/image018.jpg\" data-link=\"http:\/\/eu-wsn.wloclawek.pl\/?attachment_id=6041\" class=\"wp-image-6041\" srcset=\"http:\/\/eurointegracja.pl\/wp-content\/uploads\/2021\/09\/image018.jpg 603w, http:\/\/eurointegracja.pl\/wp-content\/uploads\/2021\/09\/image018-300x204.jpg 300w\" sizes=\"(max-width: 603px) 100vw, 603px\" \/><\/figure><\/li><li class=\"blocks-gallery-item\"><figure><img decoding=\"async\" loading=\"lazy\" width=\"612\" height=\"418\" src=\"http:\/\/eu-wsn.wloclawek.pl\/wp-content\/uploads\/2021\/09\/image019.jpg\" alt=\"\" data-id=\"6042\" data-full-url=\"http:\/\/eu-wsn.wloclawek.pl\/wp-content\/uploads\/2021\/09\/image019.jpg\" data-link=\"http:\/\/eu-wsn.wloclawek.pl\/?attachment_id=6042\" class=\"wp-image-6042\" srcset=\"http:\/\/eurointegracja.pl\/wp-content\/uploads\/2021\/09\/image019.jpg 612w, http:\/\/eurointegracja.pl\/wp-content\/uploads\/2021\/09\/image019-300x205.jpg 300w\" sizes=\"(max-width: 612px) 100vw, 612px\" \/><\/figure><\/li><li class=\"blocks-gallery-item\"><figure><img decoding=\"async\" loading=\"lazy\" width=\"616\" height=\"409\" src=\"http:\/\/eu-wsn.wloclawek.pl\/wp-content\/uploads\/2021\/09\/image020.jpg\" alt=\"\" data-id=\"6043\" data-full-url=\"http:\/\/eu-wsn.wloclawek.pl\/wp-content\/uploads\/2021\/09\/image020.jpg\" data-link=\"http:\/\/eu-wsn.wloclawek.pl\/?attachment_id=6043\" class=\"wp-image-6043\" srcset=\"http:\/\/eurointegracja.pl\/wp-content\/uploads\/2021\/09\/image020.jpg 616w, http:\/\/eurointegracja.pl\/wp-content\/uploads\/2021\/09\/image020-300x199.jpg 300w\" sizes=\"(max-width: 616px) 100vw, 616px\" \/><\/figure><\/li><li class=\"blocks-gallery-item\"><figure><img decoding=\"async\" loading=\"lazy\" width=\"616\" height=\"415\" src=\"http:\/\/eu-wsn.wloclawek.pl\/wp-content\/uploads\/2021\/09\/image021.jpg\" alt=\"\" data-id=\"6044\" data-full-url=\"http:\/\/eu-wsn.wloclawek.pl\/wp-content\/uploads\/2021\/09\/image021.jpg\" data-link=\"http:\/\/eu-wsn.wloclawek.pl\/?attachment_id=6044\" class=\"wp-image-6044\" srcset=\"http:\/\/eurointegracja.pl\/wp-content\/uploads\/2021\/09\/image021.jpg 616w, http:\/\/eurointegracja.pl\/wp-content\/uploads\/2021\/09\/image021-300x202.jpg 300w\" sizes=\"(max-width: 616px) 100vw, 616px\" \/><\/figure><\/li><li class=\"blocks-gallery-item\"><figure><img decoding=\"async\" loading=\"lazy\" width=\"548\" height=\"733\" src=\"http:\/\/eu-wsn.wloclawek.pl\/wp-content\/uploads\/2021\/09\/image022.jpg\" alt=\"\" data-id=\"6045\" data-full-url=\"http:\/\/eu-wsn.wloclawek.pl\/wp-content\/uploads\/2021\/09\/image022.jpg\" data-link=\"http:\/\/eu-wsn.wloclawek.pl\/?attachment_id=6045\" class=\"wp-image-6045\" srcset=\"http:\/\/eurointegracja.pl\/wp-content\/uploads\/2021\/09\/image022.jpg 548w, http:\/\/eurointegracja.pl\/wp-content\/uploads\/2021\/09\/image022-224x300.jpg 224w\" sizes=\"(max-width: 548px) 100vw, 548px\" \/><\/figure><\/li><li class=\"blocks-gallery-item\"><figure><img decoding=\"async\" loading=\"lazy\" width=\"582\" height=\"389\" src=\"http:\/\/eu-wsn.wloclawek.pl\/wp-content\/uploads\/2021\/09\/image023.jpg\" alt=\"\" data-id=\"6046\" data-full-url=\"http:\/\/eu-wsn.wloclawek.pl\/wp-content\/uploads\/2021\/09\/image023.jpg\" data-link=\"http:\/\/eu-wsn.wloclawek.pl\/?attachment_id=6046\" class=\"wp-image-6046\" srcset=\"http:\/\/eurointegracja.pl\/wp-content\/uploads\/2021\/09\/image023.jpg 582w, http:\/\/eurointegracja.pl\/wp-content\/uploads\/2021\/09\/image023-300x201.jpg 300w\" sizes=\"(max-width: 582px) 100vw, 582px\" \/><\/figure><\/li><li class=\"blocks-gallery-item\"><figure><img decoding=\"async\" loading=\"lazy\" width=\"582\" height=\"407\" src=\"http:\/\/eu-wsn.wloclawek.pl\/wp-content\/uploads\/2021\/09\/image024.jpg\" alt=\"\" data-id=\"6047\" data-full-url=\"http:\/\/eu-wsn.wloclawek.pl\/wp-content\/uploads\/2021\/09\/image024.jpg\" data-link=\"http:\/\/eu-wsn.wloclawek.pl\/?attachment_id=6047\" class=\"wp-image-6047\" srcset=\"http:\/\/eurointegracja.pl\/wp-content\/uploads\/2021\/09\/image024.jpg 582w, http:\/\/eurointegracja.pl\/wp-content\/uploads\/2021\/09\/image024-300x210.jpg 300w\" sizes=\"(max-width: 582px) 100vw, 582px\" \/><\/figure><\/li><li class=\"blocks-gallery-item\"><figure><img decoding=\"async\" loading=\"lazy\" width=\"580\" height=\"378\" src=\"http:\/\/eu-wsn.wloclawek.pl\/wp-content\/uploads\/2021\/09\/image025.jpg\" alt=\"\" data-id=\"6048\" data-full-url=\"http:\/\/eu-wsn.wloclawek.pl\/wp-content\/uploads\/2021\/09\/image025.jpg\" data-link=\"http:\/\/eu-wsn.wloclawek.pl\/?attachment_id=6048\" class=\"wp-image-6048\" srcset=\"http:\/\/eurointegracja.pl\/wp-content\/uploads\/2021\/09\/image025.jpg 580w, http:\/\/eurointegracja.pl\/wp-content\/uploads\/2021\/09\/image025-300x196.jpg 300w\" sizes=\"(max-width: 580px) 100vw, 580px\" \/><\/figure><\/li><li class=\"blocks-gallery-item\"><figure><img decoding=\"async\" loading=\"lazy\" width=\"588\" height=\"439\" src=\"http:\/\/eu-wsn.wloclawek.pl\/wp-content\/uploads\/2021\/09\/image026.jpg\" alt=\"\" data-id=\"6049\" data-full-url=\"http:\/\/eu-wsn.wloclawek.pl\/wp-content\/uploads\/2021\/09\/image026.jpg\" data-link=\"http:\/\/eu-wsn.wloclawek.pl\/?attachment_id=6049\" class=\"wp-image-6049\" srcset=\"http:\/\/eurointegracja.pl\/wp-content\/uploads\/2021\/09\/image026.jpg 588w, http:\/\/eurointegracja.pl\/wp-content\/uploads\/2021\/09\/image026-300x224.jpg 300w\" sizes=\"(max-width: 588px) 100vw, 588px\" \/><\/figure><\/li><li class=\"blocks-gallery-item\"><figure><img decoding=\"async\" loading=\"lazy\" width=\"579\" height=\"750\" src=\"http:\/\/eu-wsn.wloclawek.pl\/wp-content\/uploads\/2021\/09\/image027.jpg\" alt=\"\" data-id=\"6050\" data-full-url=\"http:\/\/eu-wsn.wloclawek.pl\/wp-content\/uploads\/2021\/09\/image027.jpg\" data-link=\"http:\/\/eu-wsn.wloclawek.pl\/?attachment_id=6050\" class=\"wp-image-6050\" srcset=\"http:\/\/eurointegracja.pl\/wp-content\/uploads\/2021\/09\/image027.jpg 579w, http:\/\/eurointegracja.pl\/wp-content\/uploads\/2021\/09\/image027-232x300.jpg 232w\" sizes=\"(max-width: 579px) 100vw, 579px\" \/><\/figure><\/li><li class=\"blocks-gallery-item\"><figure><img decoding=\"async\" loading=\"lazy\" width=\"557\" height=\"750\" src=\"http:\/\/eu-wsn.wloclawek.pl\/wp-content\/uploads\/2021\/09\/image028.jpg\" alt=\"\" data-id=\"6051\" data-full-url=\"http:\/\/eu-wsn.wloclawek.pl\/wp-content\/uploads\/2021\/09\/image028.jpg\" data-link=\"http:\/\/eu-wsn.wloclawek.pl\/?attachment_id=6051\" class=\"wp-image-6051\" srcset=\"http:\/\/eurointegracja.pl\/wp-content\/uploads\/2021\/09\/image028.jpg 557w, http:\/\/eurointegracja.pl\/wp-content\/uploads\/2021\/09\/image028-223x300.jpg 223w\" sizes=\"(max-width: 557px) 100vw, 557px\" \/><\/figure><\/li><li class=\"blocks-gallery-item\"><figure><img decoding=\"async\" loading=\"lazy\" width=\"571\" height=\"430\" src=\"http:\/\/eu-wsn.wloclawek.pl\/wp-content\/uploads\/2021\/09\/image029.jpg\" alt=\"\" data-id=\"6052\" data-full-url=\"http:\/\/eu-wsn.wloclawek.pl\/wp-content\/uploads\/2021\/09\/image029.jpg\" data-link=\"http:\/\/eu-wsn.wloclawek.pl\/?attachment_id=6052\" class=\"wp-image-6052\" srcset=\"http:\/\/eurointegracja.pl\/wp-content\/uploads\/2021\/09\/image029.jpg 571w, http:\/\/eurointegracja.pl\/wp-content\/uploads\/2021\/09\/image029-300x226.jpg 300w\" sizes=\"(max-width: 571px) 100vw, 571px\" \/><\/figure><\/li><li class=\"blocks-gallery-item\"><figure><img decoding=\"async\" loading=\"lazy\" width=\"280\" height=\"376\" src=\"http:\/\/eu-wsn.wloclawek.pl\/wp-content\/uploads\/2021\/09\/image030.jpg\" alt=\"\" data-id=\"6053\" data-full-url=\"http:\/\/eu-wsn.wloclawek.pl\/wp-content\/uploads\/2021\/09\/image030.jpg\" data-link=\"http:\/\/eu-wsn.wloclawek.pl\/?attachment_id=6053\" class=\"wp-image-6053\" srcset=\"http:\/\/eurointegracja.pl\/wp-content\/uploads\/2021\/09\/image030.jpg 280w, http:\/\/eurointegracja.pl\/wp-content\/uploads\/2021\/09\/image030-223x300.jpg 223w\" sizes=\"(max-width: 280px) 100vw, 280px\" \/><\/figure><\/li><li class=\"blocks-gallery-item\"><figure><img decoding=\"async\" loading=\"lazy\" width=\"280\" height=\"376\" src=\"http:\/\/eu-wsn.wloclawek.pl\/wp-content\/uploads\/2021\/09\/image031.jpg\" alt=\"\" data-id=\"6054\" data-full-url=\"http:\/\/eu-wsn.wloclawek.pl\/wp-content\/uploads\/2021\/09\/image031.jpg\" data-link=\"http:\/\/eu-wsn.wloclawek.pl\/?attachment_id=6054\" class=\"wp-image-6054\" srcset=\"http:\/\/eurointegracja.pl\/wp-content\/uploads\/2021\/09\/image031.jpg 280w, http:\/\/eurointegracja.pl\/wp-content\/uploads\/2021\/09\/image031-223x300.jpg 223w\" sizes=\"(max-width: 280px) 100vw, 280px\" \/><\/figure><\/li><li class=\"blocks-gallery-item\"><figure><img decoding=\"async\" loading=\"lazy\" width=\"280\" height=\"376\" src=\"http:\/\/eu-wsn.wloclawek.pl\/wp-content\/uploads\/2021\/09\/image032.jpg\" alt=\"\" data-id=\"6055\" data-full-url=\"http:\/\/eu-wsn.wloclawek.pl\/wp-content\/uploads\/2021\/09\/image032.jpg\" data-link=\"http:\/\/eu-wsn.wloclawek.pl\/?attachment_id=6055\" class=\"wp-image-6055\" srcset=\"http:\/\/eurointegracja.pl\/wp-content\/uploads\/2021\/09\/image032.jpg 280w, http:\/\/eurointegracja.pl\/wp-content\/uploads\/2021\/09\/image032-223x300.jpg 223w\" sizes=\"(max-width: 280px) 100vw, 280px\" \/><\/figure><\/li><li class=\"blocks-gallery-item\"><figure><img decoding=\"async\" loading=\"lazy\" width=\"280\" height=\"376\" src=\"http:\/\/eu-wsn.wloclawek.pl\/wp-content\/uploads\/2021\/09\/image033.jpg\" alt=\"\" data-id=\"6056\" data-full-url=\"http:\/\/eu-wsn.wloclawek.pl\/wp-content\/uploads\/2021\/09\/image033.jpg\" data-link=\"http:\/\/eu-wsn.wloclawek.pl\/?attachment_id=6056\" class=\"wp-image-6056\" srcset=\"http:\/\/eurointegracja.pl\/wp-content\/uploads\/2021\/09\/image033.jpg 280w, http:\/\/eurointegracja.pl\/wp-content\/uploads\/2021\/09\/image033-223x300.jpg 223w\" sizes=\"(max-width: 280px) 100vw, 280px\" \/><\/figure><\/li><li class=\"blocks-gallery-item\"><figure><img decoding=\"async\" loading=\"lazy\" width=\"280\" height=\"376\" src=\"http:\/\/eu-wsn.wloclawek.pl\/wp-content\/uploads\/2021\/09\/image034.jpg\" alt=\"\" data-id=\"6057\" data-full-url=\"http:\/\/eu-wsn.wloclawek.pl\/wp-content\/uploads\/2021\/09\/image034.jpg\" data-link=\"http:\/\/eu-wsn.wloclawek.pl\/?attachment_id=6057\" class=\"wp-image-6057\" srcset=\"http:\/\/eurointegracja.pl\/wp-content\/uploads\/2021\/09\/image034.jpg 280w, http:\/\/eurointegracja.pl\/wp-content\/uploads\/2021\/09\/image034-223x300.jpg 223w\" sizes=\"(max-width: 280px) 100vw, 280px\" \/><\/figure><\/li><li class=\"blocks-gallery-item\"><figure><img decoding=\"async\" loading=\"lazy\" width=\"280\" height=\"376\" src=\"http:\/\/eu-wsn.wloclawek.pl\/wp-content\/uploads\/2021\/09\/image035.jpg\" alt=\"\" data-id=\"6058\" data-full-url=\"http:\/\/eu-wsn.wloclawek.pl\/wp-content\/uploads\/2021\/09\/image035.jpg\" data-link=\"http:\/\/eu-wsn.wloclawek.pl\/?attachment_id=6058\" class=\"wp-image-6058\" srcset=\"http:\/\/eurointegracja.pl\/wp-content\/uploads\/2021\/09\/image035.jpg 280w, http:\/\/eurointegracja.pl\/wp-content\/uploads\/2021\/09\/image035-223x300.jpg 223w\" sizes=\"(max-width: 280px) 100vw, 280px\" \/><\/figure><\/li><li class=\"blocks-gallery-item\"><figure><img decoding=\"async\" loading=\"lazy\" width=\"373\" height=\"340\" src=\"http:\/\/eu-wsn.wloclawek.pl\/wp-content\/uploads\/2021\/09\/image036.jpg\" alt=\"\" data-id=\"6059\" data-full-url=\"http:\/\/eu-wsn.wloclawek.pl\/wp-content\/uploads\/2021\/09\/image036.jpg\" data-link=\"http:\/\/eu-wsn.wloclawek.pl\/?attachment_id=6059\" class=\"wp-image-6059\" srcset=\"http:\/\/eurointegracja.pl\/wp-content\/uploads\/2021\/09\/image036.jpg 373w, http:\/\/eurointegracja.pl\/wp-content\/uploads\/2021\/09\/image036-300x273.jpg 300w\" sizes=\"(max-width: 373px) 100vw, 373px\" \/><\/figure><\/li><li class=\"blocks-gallery-item\"><figure><img decoding=\"async\" loading=\"lazy\" width=\"371\" height=\"498\" src=\"http:\/\/eu-wsn.wloclawek.pl\/wp-content\/uploads\/2021\/09\/image037.jpg\" alt=\"\" data-id=\"6060\" data-full-url=\"http:\/\/eu-wsn.wloclawek.pl\/wp-content\/uploads\/2021\/09\/image037.jpg\" data-link=\"http:\/\/eu-wsn.wloclawek.pl\/?attachment_id=6060\" class=\"wp-image-6060\" srcset=\"http:\/\/eurointegracja.pl\/wp-content\/uploads\/2021\/09\/image037.jpg 371w, http:\/\/eurointegracja.pl\/wp-content\/uploads\/2021\/09\/image037-223x300.jpg 223w\" sizes=\"(max-width: 371px) 100vw, 371px\" \/><\/figure><\/li><li class=\"blocks-gallery-item\"><figure><img decoding=\"async\" loading=\"lazy\" width=\"376\" height=\"280\" src=\"http:\/\/eu-wsn.wloclawek.pl\/wp-content\/uploads\/2021\/09\/image038.jpg\" alt=\"\" data-id=\"6061\" data-full-url=\"http:\/\/eu-wsn.wloclawek.pl\/wp-content\/uploads\/2021\/09\/image038.jpg\" data-link=\"http:\/\/eu-wsn.wloclawek.pl\/?attachment_id=6061\" class=\"wp-image-6061\" srcset=\"http:\/\/eurointegracja.pl\/wp-content\/uploads\/2021\/09\/image038.jpg 376w, http:\/\/eurointegracja.pl\/wp-content\/uploads\/2021\/09\/image038-300x223.jpg 300w\" sizes=\"(max-width: 376px) 100vw, 376px\" \/><\/figure><\/li><li class=\"blocks-gallery-item\"><figure><img decoding=\"async\" loading=\"lazy\" width=\"371\" height=\"498\" src=\"http:\/\/eu-wsn.wloclawek.pl\/wp-content\/uploads\/2021\/09\/image039.jpg\" alt=\"\" data-id=\"6062\" data-full-url=\"http:\/\/eu-wsn.wloclawek.pl\/wp-content\/uploads\/2021\/09\/image039.jpg\" data-link=\"http:\/\/eu-wsn.wloclawek.pl\/?attachment_id=6062\" class=\"wp-image-6062\" srcset=\"http:\/\/eurointegracja.pl\/wp-content\/uploads\/2021\/09\/image039.jpg 371w, http:\/\/eurointegracja.pl\/wp-content\/uploads\/2021\/09\/image039-223x300.jpg 223w\" sizes=\"(max-width: 371px) 100vw, 371px\" \/><\/figure><\/li><\/ul><\/figure>\n\n\n\n<!--nextpage-->\n\n\n\n<h2 class=\"wp-block-heading\"><strong>Warsztaty z makija\u017cu<\/strong><\/h2>\n\n\n\n<figure class=\"wp-block-gallery columns-2 is-cropped wp-block-gallery-5 is-layout-flex\"><ul class=\"blocks-gallery-grid\"><li class=\"blocks-gallery-item\"><figure><img decoding=\"async\" loading=\"lazy\" width=\"280\" height=\"376\" src=\"http:\/\/eu-wsn.wloclawek.pl\/wp-content\/uploads\/2021\/09\/image040.jpg\" alt=\"\" data-id=\"6063\" data-full-url=\"http:\/\/eu-wsn.wloclawek.pl\/wp-content\/uploads\/2021\/09\/image040.jpg\" data-link=\"http:\/\/eu-wsn.wloclawek.pl\/?attachment_id=6063\" class=\"wp-image-6063\" srcset=\"http:\/\/eurointegracja.pl\/wp-content\/uploads\/2021\/09\/image040.jpg 280w, http:\/\/eurointegracja.pl\/wp-content\/uploads\/2021\/09\/image040-223x300.jpg 223w\" sizes=\"(max-width: 280px) 100vw, 280px\" \/><\/figure><\/li><li class=\"blocks-gallery-item\"><figure><img decoding=\"async\" loading=\"lazy\" width=\"280\" height=\"376\" src=\"http:\/\/eu-wsn.wloclawek.pl\/wp-content\/uploads\/2021\/09\/image041.jpg\" alt=\"\" data-id=\"6064\" data-full-url=\"http:\/\/eu-wsn.wloclawek.pl\/wp-content\/uploads\/2021\/09\/image041.jpg\" data-link=\"http:\/\/eu-wsn.wloclawek.pl\/?attachment_id=6064\" class=\"wp-image-6064\" srcset=\"http:\/\/eurointegracja.pl\/wp-content\/uploads\/2021\/09\/image041.jpg 280w, http:\/\/eurointegracja.pl\/wp-content\/uploads\/2021\/09\/image041-223x300.jpg 223w\" sizes=\"(max-width: 280px) 100vw, 280px\" \/><\/figure><\/li><li class=\"blocks-gallery-item\"><figure><img decoding=\"async\" loading=\"lazy\" width=\"280\" height=\"376\" src=\"http:\/\/eu-wsn.wloclawek.pl\/wp-content\/uploads\/2021\/09\/image042.jpg\" alt=\"\" data-id=\"6065\" data-full-url=\"http:\/\/eu-wsn.wloclawek.pl\/wp-content\/uploads\/2021\/09\/image042.jpg\" data-link=\"http:\/\/eu-wsn.wloclawek.pl\/?attachment_id=6065\" class=\"wp-image-6065\" srcset=\"http:\/\/eurointegracja.pl\/wp-content\/uploads\/2021\/09\/image042.jpg 280w, http:\/\/eurointegracja.pl\/wp-content\/uploads\/2021\/09\/image042-223x300.jpg 223w\" sizes=\"(max-width: 280px) 100vw, 280px\" \/><\/figure><\/li><li class=\"blocks-gallery-item\"><figure><img decoding=\"async\" loading=\"lazy\" width=\"280\" height=\"376\" src=\"http:\/\/eu-wsn.wloclawek.pl\/wp-content\/uploads\/2021\/09\/image043.jpg\" alt=\"\" data-id=\"6066\" data-full-url=\"http:\/\/eu-wsn.wloclawek.pl\/wp-content\/uploads\/2021\/09\/image043.jpg\" data-link=\"http:\/\/eu-wsn.wloclawek.pl\/?attachment_id=6066\" class=\"wp-image-6066\" srcset=\"http:\/\/eurointegracja.pl\/wp-content\/uploads\/2021\/09\/image043.jpg 280w, http:\/\/eurointegracja.pl\/wp-content\/uploads\/2021\/09\/image043-223x300.jpg 223w\" sizes=\"(max-width: 280px) 100vw, 280px\" \/><\/figure><\/li><li class=\"blocks-gallery-item\"><figure><img decoding=\"async\" loading=\"lazy\" width=\"280\" height=\"376\" src=\"http:\/\/eu-wsn.wloclawek.pl\/wp-content\/uploads\/2021\/09\/image044.jpg\" alt=\"\" data-id=\"6067\" data-full-url=\"http:\/\/eu-wsn.wloclawek.pl\/wp-content\/uploads\/2021\/09\/image044.jpg\" data-link=\"http:\/\/eu-wsn.wloclawek.pl\/?attachment_id=6067\" class=\"wp-image-6067\" srcset=\"http:\/\/eurointegracja.pl\/wp-content\/uploads\/2021\/09\/image044.jpg 280w, http:\/\/eurointegracja.pl\/wp-content\/uploads\/2021\/09\/image044-223x300.jpg 223w\" sizes=\"(max-width: 280px) 100vw, 280px\" \/><\/figure><\/li><li class=\"blocks-gallery-item\"><figure><img decoding=\"async\" loading=\"lazy\" width=\"280\" height=\"376\" src=\"http:\/\/eu-wsn.wloclawek.pl\/wp-content\/uploads\/2021\/09\/image045.jpg\" alt=\"\" data-id=\"6068\" data-full-url=\"http:\/\/eu-wsn.wloclawek.pl\/wp-content\/uploads\/2021\/09\/image045.jpg\" data-link=\"http:\/\/eu-wsn.wloclawek.pl\/?attachment_id=6068\" class=\"wp-image-6068\" srcset=\"http:\/\/eurointegracja.pl\/wp-content\/uploads\/2021\/09\/image045.jpg 280w, http:\/\/eurointegracja.pl\/wp-content\/uploads\/2021\/09\/image045-223x300.jpg 223w\" sizes=\"(max-width: 280px) 100vw, 280px\" \/><\/figure><\/li><li class=\"blocks-gallery-item\"><figure><img decoding=\"async\" loading=\"lazy\" width=\"280\" height=\"376\" src=\"http:\/\/eu-wsn.wloclawek.pl\/wp-content\/uploads\/2021\/09\/image046.jpg\" alt=\"\" data-id=\"6069\" data-full-url=\"http:\/\/eu-wsn.wloclawek.pl\/wp-content\/uploads\/2021\/09\/image046.jpg\" data-link=\"http:\/\/eu-wsn.wloclawek.pl\/?attachment_id=6069\" class=\"wp-image-6069\" srcset=\"http:\/\/eurointegracja.pl\/wp-content\/uploads\/2021\/09\/image046.jpg 280w, http:\/\/eurointegracja.pl\/wp-content\/uploads\/2021\/09\/image046-223x300.jpg 223w\" sizes=\"(max-width: 280px) 100vw, 280px\" \/><\/figure><\/li><li class=\"blocks-gallery-item\"><figure><img decoding=\"async\" loading=\"lazy\" width=\"280\" height=\"376\" src=\"http:\/\/eu-wsn.wloclawek.pl\/wp-content\/uploads\/2021\/09\/image047.jpg\" alt=\"\" data-id=\"6070\" data-full-url=\"http:\/\/eu-wsn.wloclawek.pl\/wp-content\/uploads\/2021\/09\/image047.jpg\" data-link=\"http:\/\/eu-wsn.wloclawek.pl\/?attachment_id=6070\" class=\"wp-image-6070\" srcset=\"http:\/\/eurointegracja.pl\/wp-content\/uploads\/2021\/09\/image047.jpg 280w, http:\/\/eurointegracja.pl\/wp-content\/uploads\/2021\/09\/image047-223x300.jpg 223w\" sizes=\"(max-width: 280px) 100vw, 280px\" \/><\/figure><\/li><li class=\"blocks-gallery-item\"><figure><img decoding=\"async\" loading=\"lazy\" width=\"280\" height=\"376\" src=\"http:\/\/eu-wsn.wloclawek.pl\/wp-content\/uploads\/2021\/09\/image048.jpg\" alt=\"\" data-id=\"6071\" data-full-url=\"http:\/\/eu-wsn.wloclawek.pl\/wp-content\/uploads\/2021\/09\/image048.jpg\" data-link=\"http:\/\/eu-wsn.wloclawek.pl\/?attachment_id=6071\" class=\"wp-image-6071\" srcset=\"http:\/\/eurointegracja.pl\/wp-content\/uploads\/2021\/09\/image048.jpg 280w, http:\/\/eurointegracja.pl\/wp-content\/uploads\/2021\/09\/image048-223x300.jpg 223w\" sizes=\"(max-width: 280px) 100vw, 280px\" \/><\/figure><\/li><li class=\"blocks-gallery-item\"><figure><img decoding=\"async\" loading=\"lazy\" width=\"280\" height=\"376\" src=\"http:\/\/eu-wsn.wloclawek.pl\/wp-content\/uploads\/2021\/09\/image049.jpg\" alt=\"\" data-id=\"6072\" data-full-url=\"http:\/\/eu-wsn.wloclawek.pl\/wp-content\/uploads\/2021\/09\/image049.jpg\" data-link=\"http:\/\/eu-wsn.wloclawek.pl\/?attachment_id=6072\" class=\"wp-image-6072\" srcset=\"http:\/\/eurointegracja.pl\/wp-content\/uploads\/2021\/09\/image049.jpg 280w, http:\/\/eurointegracja.pl\/wp-content\/uploads\/2021\/09\/image049-223x300.jpg 223w\" sizes=\"(max-width: 280px) 100vw, 280px\" \/><\/figure><\/li><li class=\"blocks-gallery-item\"><figure><img decoding=\"async\" loading=\"lazy\" width=\"280\" height=\"376\" src=\"http:\/\/eu-wsn.wloclawek.pl\/wp-content\/uploads\/2021\/09\/image050.jpg\" alt=\"\" data-id=\"6073\" data-full-url=\"http:\/\/eu-wsn.wloclawek.pl\/wp-content\/uploads\/2021\/09\/image050.jpg\" data-link=\"http:\/\/eu-wsn.wloclawek.pl\/?attachment_id=6073\" class=\"wp-image-6073\" srcset=\"http:\/\/eurointegracja.pl\/wp-content\/uploads\/2021\/09\/image050.jpg 280w, http:\/\/eurointegracja.pl\/wp-content\/uploads\/2021\/09\/image050-223x300.jpg 223w\" sizes=\"(max-width: 280px) 100vw, 280px\" \/><\/figure><\/li><li class=\"blocks-gallery-item\"><figure><img decoding=\"async\" loading=\"lazy\" width=\"280\" height=\"376\" src=\"http:\/\/eu-wsn.wloclawek.pl\/wp-content\/uploads\/2021\/09\/image051.jpg\" alt=\"\" data-id=\"6074\" data-full-url=\"http:\/\/eu-wsn.wloclawek.pl\/wp-content\/uploads\/2021\/09\/image051.jpg\" data-link=\"http:\/\/eu-wsn.wloclawek.pl\/?attachment_id=6074\" class=\"wp-image-6074\" srcset=\"http:\/\/eurointegracja.pl\/wp-content\/uploads\/2021\/09\/image051.jpg 280w, http:\/\/eurointegracja.pl\/wp-content\/uploads\/2021\/09\/image051-223x300.jpg 223w\" sizes=\"(max-width: 280px) 100vw, 280px\" \/><\/figure><\/li><\/ul><\/figure>\n\n\n\n<!--nextpage-->\n\n\n\n<h2 class=\"wp-block-heading\"><strong>Pokaz prac wykonanych na warsztatach \u2013 om\u00f3wienie<\/strong><\/h2>\n\n\n\n<figure class=\"wp-block-gallery columns-3 is-cropped wp-block-gallery-7 is-layout-flex\"><ul class=\"blocks-gallery-grid\"><li class=\"blocks-gallery-item\"><figure><img decoding=\"async\" loading=\"lazy\" width=\"604\" height=\"383\" src=\"http:\/\/eu-wsn.wloclawek.pl\/wp-content\/uploads\/2021\/09\/image052.jpg\" alt=\"\" data-id=\"6075\" data-full-url=\"http:\/\/eu-wsn.wloclawek.pl\/wp-content\/uploads\/2021\/09\/image052.jpg\" data-link=\"http:\/\/eu-wsn.wloclawek.pl\/?attachment_id=6075\" class=\"wp-image-6075\" srcset=\"http:\/\/eurointegracja.pl\/wp-content\/uploads\/2021\/09\/image052.jpg 604w, http:\/\/eurointegracja.pl\/wp-content\/uploads\/2021\/09\/image052-300x190.jpg 300w\" sizes=\"(max-width: 604px) 100vw, 604px\" \/><\/figure><\/li><li class=\"blocks-gallery-item\"><figure><img decoding=\"async\" loading=\"lazy\" width=\"600\" height=\"396\" src=\"http:\/\/eu-wsn.wloclawek.pl\/wp-content\/uploads\/2021\/09\/image053.jpg\" alt=\"\" data-id=\"6076\" data-full-url=\"http:\/\/eu-wsn.wloclawek.pl\/wp-content\/uploads\/2021\/09\/image053.jpg\" data-link=\"http:\/\/eu-wsn.wloclawek.pl\/?attachment_id=6076\" class=\"wp-image-6076\" srcset=\"http:\/\/eurointegracja.pl\/wp-content\/uploads\/2021\/09\/image053.jpg 600w, http:\/\/eurointegracja.pl\/wp-content\/uploads\/2021\/09\/image053-300x198.jpg 300w\" sizes=\"(max-width: 600px) 100vw, 600px\" \/><\/figure><\/li><li class=\"blocks-gallery-item\"><figure><img decoding=\"async\" loading=\"lazy\" width=\"616\" height=\"384\" src=\"http:\/\/eu-wsn.wloclawek.pl\/wp-content\/uploads\/2021\/09\/image054.jpg\" alt=\"\" data-id=\"6077\" data-full-url=\"http:\/\/eu-wsn.wloclawek.pl\/wp-content\/uploads\/2021\/09\/image054.jpg\" data-link=\"http:\/\/eu-wsn.wloclawek.pl\/?attachment_id=6077\" class=\"wp-image-6077\" srcset=\"http:\/\/eurointegracja.pl\/wp-content\/uploads\/2021\/09\/image054.jpg 616w, http:\/\/eurointegracja.pl\/wp-content\/uploads\/2021\/09\/image054-300x187.jpg 300w\" sizes=\"(max-width: 616px) 100vw, 616px\" \/><\/figure><\/li><li class=\"blocks-gallery-item\"><figure><img decoding=\"async\" loading=\"lazy\" width=\"619\" height=\"420\" src=\"http:\/\/eu-wsn.wloclawek.pl\/wp-content\/uploads\/2021\/09\/image055.jpg\" alt=\"\" data-id=\"6078\" data-full-url=\"http:\/\/eu-wsn.wloclawek.pl\/wp-content\/uploads\/2021\/09\/image055.jpg\" data-link=\"http:\/\/eu-wsn.wloclawek.pl\/?attachment_id=6078\" class=\"wp-image-6078\" srcset=\"http:\/\/eurointegracja.pl\/wp-content\/uploads\/2021\/09\/image055.jpg 619w, http:\/\/eurointegracja.pl\/wp-content\/uploads\/2021\/09\/image055-300x204.jpg 300w\" sizes=\"(max-width: 619px) 100vw, 619px\" \/><\/figure><\/li><li class=\"blocks-gallery-item\"><figure><img decoding=\"async\" loading=\"lazy\" width=\"624\" height=\"427\" src=\"http:\/\/eu-wsn.wloclawek.pl\/wp-content\/uploads\/2021\/09\/image056.jpg\" alt=\"\" data-id=\"6079\" data-full-url=\"http:\/\/eu-wsn.wloclawek.pl\/wp-content\/uploads\/2021\/09\/image056.jpg\" data-link=\"http:\/\/eu-wsn.wloclawek.pl\/?attachment_id=6079\" class=\"wp-image-6079\" srcset=\"http:\/\/eurointegracja.pl\/wp-content\/uploads\/2021\/09\/image056.jpg 624w, http:\/\/eurointegracja.pl\/wp-content\/uploads\/2021\/09\/image056-300x205.jpg 300w\" sizes=\"(max-width: 624px) 100vw, 624px\" \/><\/figure><\/li><li class=\"blocks-gallery-item\"><figure><img decoding=\"async\" loading=\"lazy\" width=\"621\" height=\"377\" src=\"http:\/\/eu-wsn.wloclawek.pl\/wp-content\/uploads\/2021\/09\/image057.jpg\" alt=\"\" data-id=\"6080\" data-full-url=\"http:\/\/eu-wsn.wloclawek.pl\/wp-content\/uploads\/2021\/09\/image057.jpg\" data-link=\"http:\/\/eu-wsn.wloclawek.pl\/?attachment_id=6080\" class=\"wp-image-6080\" srcset=\"http:\/\/eurointegracja.pl\/wp-content\/uploads\/2021\/09\/image057.jpg 621w, http:\/\/eurointegracja.pl\/wp-content\/uploads\/2021\/09\/image057-300x182.jpg 300w\" sizes=\"(max-width: 621px) 100vw, 621px\" \/><\/figure><\/li><li class=\"blocks-gallery-item\"><figure><img decoding=\"async\" loading=\"lazy\" width=\"651\" height=\"434\" src=\"http:\/\/eu-wsn.wloclawek.pl\/wp-content\/uploads\/2021\/09\/image058.jpg\" alt=\"\" data-id=\"6081\" data-full-url=\"http:\/\/eu-wsn.wloclawek.pl\/wp-content\/uploads\/2021\/09\/image058.jpg\" data-link=\"http:\/\/eu-wsn.wloclawek.pl\/?attachment_id=6081\" class=\"wp-image-6081\" srcset=\"http:\/\/eurointegracja.pl\/wp-content\/uploads\/2021\/09\/image058.jpg 651w, http:\/\/eurointegracja.pl\/wp-content\/uploads\/2021\/09\/image058-300x200.jpg 300w\" sizes=\"(max-width: 651px) 100vw, 651px\" \/><\/figure><\/li><li class=\"blocks-gallery-item\"><figure><img decoding=\"async\" loading=\"lazy\" width=\"650\" height=\"417\" src=\"http:\/\/eu-wsn.wloclawek.pl\/wp-content\/uploads\/2021\/09\/image059.jpg\" alt=\"\" data-id=\"6082\" data-full-url=\"http:\/\/eu-wsn.wloclawek.pl\/wp-content\/uploads\/2021\/09\/image059.jpg\" data-link=\"http:\/\/eu-wsn.wloclawek.pl\/?attachment_id=6082\" class=\"wp-image-6082\" srcset=\"http:\/\/eurointegracja.pl\/wp-content\/uploads\/2021\/09\/image059.jpg 650w, http:\/\/eurointegracja.pl\/wp-content\/uploads\/2021\/09\/image059-300x192.jpg 300w\" sizes=\"(max-width: 650px) 100vw, 650px\" \/><\/figure><\/li><li class=\"blocks-gallery-item\"><figure><img decoding=\"async\" loading=\"lazy\" width=\"630\" height=\"405\" src=\"http:\/\/eu-wsn.wloclawek.pl\/wp-content\/uploads\/2021\/09\/image060.jpg\" alt=\"\" data-id=\"6083\" data-full-url=\"http:\/\/eu-wsn.wloclawek.pl\/wp-content\/uploads\/2021\/09\/image060.jpg\" data-link=\"http:\/\/eu-wsn.wloclawek.pl\/?attachment_id=6083\" class=\"wp-image-6083\" srcset=\"http:\/\/eurointegracja.pl\/wp-content\/uploads\/2021\/09\/image060.jpg 630w, http:\/\/eurointegracja.pl\/wp-content\/uploads\/2021\/09\/image060-300x193.jpg 300w\" sizes=\"(max-width: 630px) 100vw, 630px\" \/><\/figure><\/li><li class=\"blocks-gallery-item\"><figure><img decoding=\"async\" loading=\"lazy\" width=\"625\" height=\"420\" src=\"http:\/\/eu-wsn.wloclawek.pl\/wp-content\/uploads\/2021\/09\/image061.jpg\" alt=\"\" data-id=\"6084\" data-full-url=\"http:\/\/eu-wsn.wloclawek.pl\/wp-content\/uploads\/2021\/09\/image061.jpg\" data-link=\"http:\/\/eu-wsn.wloclawek.pl\/?attachment_id=6084\" class=\"wp-image-6084\" srcset=\"http:\/\/eurointegracja.pl\/wp-content\/uploads\/2021\/09\/image061.jpg 625w, http:\/\/eurointegracja.pl\/wp-content\/uploads\/2021\/09\/image061-300x202.jpg 300w\" sizes=\"(max-width: 625px) 100vw, 625px\" \/><\/figure><\/li><li class=\"blocks-gallery-item\"><figure><img decoding=\"async\" loading=\"lazy\" width=\"631\" height=\"410\" src=\"http:\/\/eu-wsn.wloclawek.pl\/wp-content\/uploads\/2021\/09\/image062.jpg\" alt=\"\" data-id=\"6085\" data-full-url=\"http:\/\/eu-wsn.wloclawek.pl\/wp-content\/uploads\/2021\/09\/image062.jpg\" data-link=\"http:\/\/eu-wsn.wloclawek.pl\/?attachment_id=6085\" class=\"wp-image-6085\" srcset=\"http:\/\/eurointegracja.pl\/wp-content\/uploads\/2021\/09\/image062.jpg 631w, http:\/\/eurointegracja.pl\/wp-content\/uploads\/2021\/09\/image062-300x195.jpg 300w\" sizes=\"(max-width: 631px) 100vw, 631px\" \/><\/figure><\/li><li class=\"blocks-gallery-item\"><figure><img decoding=\"async\" loading=\"lazy\" width=\"615\" height=\"411\" src=\"http:\/\/eu-wsn.wloclawek.pl\/wp-content\/uploads\/2021\/09\/image063.jpg\" alt=\"\" data-id=\"6086\" data-full-url=\"http:\/\/eu-wsn.wloclawek.pl\/wp-content\/uploads\/2021\/09\/image063.jpg\" data-link=\"http:\/\/eu-wsn.wloclawek.pl\/?attachment_id=6086\" class=\"wp-image-6086\" srcset=\"http:\/\/eurointegracja.pl\/wp-content\/uploads\/2021\/09\/image063.jpg 615w, http:\/\/eurointegracja.pl\/wp-content\/uploads\/2021\/09\/image063-300x200.jpg 300w\" sizes=\"(max-width: 615px) 100vw, 615px\" \/><\/figure><\/li><li class=\"blocks-gallery-item\"><figure><img decoding=\"async\" loading=\"lazy\" width=\"637\" height=\"397\" src=\"http:\/\/eu-wsn.wloclawek.pl\/wp-content\/uploads\/2021\/09\/image064.jpg\" alt=\"\" data-id=\"6087\" data-full-url=\"http:\/\/eu-wsn.wloclawek.pl\/wp-content\/uploads\/2021\/09\/image064.jpg\" data-link=\"http:\/\/eu-wsn.wloclawek.pl\/?attachment_id=6087\" class=\"wp-image-6087\" srcset=\"http:\/\/eurointegracja.pl\/wp-content\/uploads\/2021\/09\/image064.jpg 637w, http:\/\/eurointegracja.pl\/wp-content\/uploads\/2021\/09\/image064-300x187.jpg 300w\" sizes=\"(max-width: 637px) 100vw, 637px\" \/><\/figure><\/li><li class=\"blocks-gallery-item\"><figure><img decoding=\"async\" loading=\"lazy\" width=\"632\" height=\"437\" src=\"http:\/\/eu-wsn.wloclawek.pl\/wp-content\/uploads\/2021\/09\/image065.jpg\" alt=\"\" data-id=\"6088\" data-full-url=\"http:\/\/eu-wsn.wloclawek.pl\/wp-content\/uploads\/2021\/09\/image065.jpg\" data-link=\"http:\/\/eu-wsn.wloclawek.pl\/?attachment_id=6088\" class=\"wp-image-6088\" srcset=\"http:\/\/eurointegracja.pl\/wp-content\/uploads\/2021\/09\/image065.jpg 632w, http:\/\/eurointegracja.pl\/wp-content\/uploads\/2021\/09\/image065-300x207.jpg 300w\" sizes=\"(max-width: 632px) 100vw, 632px\" \/><\/figure><\/li><li class=\"blocks-gallery-item\"><figure><img decoding=\"async\" loading=\"lazy\" width=\"627\" height=\"390\" src=\"http:\/\/eu-wsn.wloclawek.pl\/wp-content\/uploads\/2021\/09\/image066.jpg\" alt=\"\" data-id=\"6089\" data-full-url=\"http:\/\/eu-wsn.wloclawek.pl\/wp-content\/uploads\/2021\/09\/image066.jpg\" data-link=\"http:\/\/eu-wsn.wloclawek.pl\/?attachment_id=6089\" class=\"wp-image-6089\" srcset=\"http:\/\/eurointegracja.pl\/wp-content\/uploads\/2021\/09\/image066.jpg 627w, http:\/\/eurointegracja.pl\/wp-content\/uploads\/2021\/09\/image066-300x187.jpg 300w\" sizes=\"(max-width: 627px) 100vw, 627px\" \/><\/figure><\/li><li class=\"blocks-gallery-item\"><figure><img decoding=\"async\" loading=\"lazy\" width=\"627\" height=\"409\" src=\"http:\/\/eu-wsn.wloclawek.pl\/wp-content\/uploads\/2021\/09\/image067.jpg\" alt=\"\" data-id=\"6090\" data-full-url=\"http:\/\/eu-wsn.wloclawek.pl\/wp-content\/uploads\/2021\/09\/image067.jpg\" data-link=\"http:\/\/eu-wsn.wloclawek.pl\/?attachment_id=6090\" class=\"wp-image-6090\" srcset=\"http:\/\/eurointegracja.pl\/wp-content\/uploads\/2021\/09\/image067.jpg 627w, http:\/\/eurointegracja.pl\/wp-content\/uploads\/2021\/09\/image067-300x196.jpg 300w\" sizes=\"(max-width: 627px) 100vw, 627px\" \/><\/figure><\/li><li class=\"blocks-gallery-item\"><figure><img decoding=\"async\" loading=\"lazy\" width=\"624\" height=\"414\" src=\"http:\/\/eu-wsn.wloclawek.pl\/wp-content\/uploads\/2021\/09\/image068.jpg\" alt=\"\" data-id=\"6091\" data-full-url=\"http:\/\/eu-wsn.wloclawek.pl\/wp-content\/uploads\/2021\/09\/image068.jpg\" data-link=\"http:\/\/eu-wsn.wloclawek.pl\/?attachment_id=6091\" class=\"wp-image-6091\" srcset=\"http:\/\/eurointegracja.pl\/wp-content\/uploads\/2021\/09\/image068.jpg 624w, http:\/\/eurointegracja.pl\/wp-content\/uploads\/2021\/09\/image068-300x199.jpg 300w\" sizes=\"(max-width: 624px) 100vw, 624px\" \/><\/figure><\/li><li class=\"blocks-gallery-item\"><figure><img decoding=\"async\" loading=\"lazy\" width=\"624\" height=\"408\" src=\"http:\/\/eu-wsn.wloclawek.pl\/wp-content\/uploads\/2021\/09\/image069.jpg\" alt=\"\" data-id=\"6092\" data-full-url=\"http:\/\/eu-wsn.wloclawek.pl\/wp-content\/uploads\/2021\/09\/image069.jpg\" data-link=\"http:\/\/eu-wsn.wloclawek.pl\/?attachment_id=6092\" class=\"wp-image-6092\" srcset=\"http:\/\/eurointegracja.pl\/wp-content\/uploads\/2021\/09\/image069.jpg 624w, http:\/\/eurointegracja.pl\/wp-content\/uploads\/2021\/09\/image069-300x196.jpg 300w\" sizes=\"(max-width: 624px) 100vw, 624px\" \/><\/figure><\/li><li class=\"blocks-gallery-item\"><figure><img decoding=\"async\" loading=\"lazy\" width=\"601\" height=\"383\" src=\"http:\/\/eu-wsn.wloclawek.pl\/wp-content\/uploads\/2021\/09\/image070.jpg\" alt=\"\" data-id=\"6093\" data-full-url=\"http:\/\/eu-wsn.wloclawek.pl\/wp-content\/uploads\/2021\/09\/image070.jpg\" data-link=\"http:\/\/eu-wsn.wloclawek.pl\/?attachment_id=6093\" class=\"wp-image-6093\" srcset=\"http:\/\/eurointegracja.pl\/wp-content\/uploads\/2021\/09\/image070.jpg 601w, http:\/\/eurointegracja.pl\/wp-content\/uploads\/2021\/09\/image070-300x191.jpg 300w\" sizes=\"(max-width: 601px) 100vw, 601px\" \/><\/figure><\/li><li class=\"blocks-gallery-item\"><figure><img decoding=\"async\" loading=\"lazy\" width=\"597\" height=\"374\" src=\"http:\/\/eu-wsn.wloclawek.pl\/wp-content\/uploads\/2021\/09\/image071.jpg\" alt=\"\" data-id=\"6094\" data-full-url=\"http:\/\/eu-wsn.wloclawek.pl\/wp-content\/uploads\/2021\/09\/image071.jpg\" data-link=\"http:\/\/eu-wsn.wloclawek.pl\/?attachment_id=6094\" class=\"wp-image-6094\" srcset=\"http:\/\/eurointegracja.pl\/wp-content\/uploads\/2021\/09\/image071.jpg 597w, http:\/\/eurointegracja.pl\/wp-content\/uploads\/2021\/09\/image071-300x188.jpg 300w\" sizes=\"(max-width: 597px) 100vw, 597px\" \/><\/figure><\/li><\/ul><\/figure>\n\n\n\n<!--nextpage-->\n\n\n\n<p class=\"has-text-align-center has-large-font-size\">Piknik Mi\u0119dzypokoleniowy Walentynki<br>\u201eSERCA DWA\u201d<\/p>\n\n\n\n<p class=\"has-text-align-center has-large-font-size\">26 luty 2021<\/p>\n\n\n\n<figure class=\"wp-block-gallery columns-1 is-cropped wp-block-gallery-9 is-layout-flex\"><ul class=\"blocks-gallery-grid\"><li class=\"blocks-gallery-item\"><figure><img decoding=\"async\" loading=\"lazy\" width=\"720\" height=\"1024\" src=\"http:\/\/eu-wsn.wloclawek.pl\/wp-content\/uploads\/2021\/09\/Podsumowanie-merytoryczne-Nowa-Perspektywa-2020-2021-1_Strona_1-720x1024.jpg\" alt=\"\" data-id=\"6095\" data-full-url=\"http:\/\/eu-wsn.wloclawek.pl\/wp-content\/uploads\/2021\/09\/Podsumowanie-merytoryczne-Nowa-Perspektywa-2020-2021-1_Strona_1.jpg\" data-link=\"http:\/\/eu-wsn.wloclawek.pl\/?attachment_id=6095\" class=\"wp-image-6095\" srcset=\"http:\/\/eurointegracja.pl\/wp-content\/uploads\/2021\/09\/Podsumowanie-merytoryczne-Nowa-Perspektywa-2020-2021-1_Strona_1-720x1024.jpg 720w, http:\/\/eurointegracja.pl\/wp-content\/uploads\/2021\/09\/Podsumowanie-merytoryczne-Nowa-Perspektywa-2020-2021-1_Strona_1-211x300.jpg 211w, http:\/\/eurointegracja.pl\/wp-content\/uploads\/2021\/09\/Podsumowanie-merytoryczne-Nowa-Perspektywa-2020-2021-1_Strona_1-768x1093.jpg 768w, http:\/\/eurointegracja.pl\/wp-content\/uploads\/2021\/09\/Podsumowanie-merytoryczne-Nowa-Perspektywa-2020-2021-1_Strona_1-1079x1536.jpg 1079w, http:\/\/eurointegracja.pl\/wp-content\/uploads\/2021\/09\/Podsumowanie-merytoryczne-Nowa-Perspektywa-2020-2021-1_Strona_1.jpg 1241w\" sizes=\"(max-width: 720px) 100vw, 720px\" \/><\/figure><\/li><li class=\"blocks-gallery-item\"><figure><img decoding=\"async\" loading=\"lazy\" width=\"720\" height=\"1024\" src=\"http:\/\/eu-wsn.wloclawek.pl\/wp-content\/uploads\/2021\/09\/Podsumowanie-merytoryczne-Nowa-Perspektywa-2020-2021-1_Strona_2-720x1024.jpg\" alt=\"\" data-id=\"6096\" data-full-url=\"http:\/\/eu-wsn.wloclawek.pl\/wp-content\/uploads\/2021\/09\/Podsumowanie-merytoryczne-Nowa-Perspektywa-2020-2021-1_Strona_2.jpg\" data-link=\"http:\/\/eu-wsn.wloclawek.pl\/?attachment_id=6096\" class=\"wp-image-6096\" srcset=\"http:\/\/eurointegracja.pl\/wp-content\/uploads\/2021\/09\/Podsumowanie-merytoryczne-Nowa-Perspektywa-2020-2021-1_Strona_2-720x1024.jpg 720w, http:\/\/eurointegracja.pl\/wp-content\/uploads\/2021\/09\/Podsumowanie-merytoryczne-Nowa-Perspektywa-2020-2021-1_Strona_2-211x300.jpg 211w, http:\/\/eurointegracja.pl\/wp-content\/uploads\/2021\/09\/Podsumowanie-merytoryczne-Nowa-Perspektywa-2020-2021-1_Strona_2-768x1093.jpg 768w, http:\/\/eurointegracja.pl\/wp-content\/uploads\/2021\/09\/Podsumowanie-merytoryczne-Nowa-Perspektywa-2020-2021-1_Strona_2-1079x1536.jpg 1079w, http:\/\/eurointegracja.pl\/wp-content\/uploads\/2021\/09\/Podsumowanie-merytoryczne-Nowa-Perspektywa-2020-2021-1_Strona_2.jpg 1241w\" sizes=\"(max-width: 720px) 100vw, 720px\" \/><\/figure><\/li><li class=\"blocks-gallery-item\"><figure><img decoding=\"async\" loading=\"lazy\" width=\"724\" height=\"1024\" src=\"http:\/\/eu-wsn.wloclawek.pl\/wp-content\/uploads\/2021\/09\/Podsumowanie-merytoryczne-Nowa-Perspektywa-2020-2021-1_Strona_3-724x1024.jpg\" alt=\"\" data-id=\"6097\" data-full-url=\"http:\/\/eu-wsn.wloclawek.pl\/wp-content\/uploads\/2021\/09\/Podsumowanie-merytoryczne-Nowa-Perspektywa-2020-2021-1_Strona_3.jpg\" data-link=\"http:\/\/eu-wsn.wloclawek.pl\/?attachment_id=6097\" class=\"wp-image-6097\" srcset=\"http:\/\/eurointegracja.pl\/wp-content\/uploads\/2021\/09\/Podsumowanie-merytoryczne-Nowa-Perspektywa-2020-2021-1_Strona_3-724x1024.jpg 724w, http:\/\/eurointegracja.pl\/wp-content\/uploads\/2021\/09\/Podsumowanie-merytoryczne-Nowa-Perspektywa-2020-2021-1_Strona_3-212x300.jpg 212w, http:\/\/eurointegracja.pl\/wp-content\/uploads\/2021\/09\/Podsumowanie-merytoryczne-Nowa-Perspektywa-2020-2021-1_Strona_3-768x1086.jpg 768w, http:\/\/eurointegracja.pl\/wp-content\/uploads\/2021\/09\/Podsumowanie-merytoryczne-Nowa-Perspektywa-2020-2021-1_Strona_3-1086x1536.jpg 1086w, http:\/\/eurointegracja.pl\/wp-content\/uploads\/2021\/09\/Podsumowanie-merytoryczne-Nowa-Perspektywa-2020-2021-1_Strona_3.jpg 1241w\" sizes=\"(max-width: 724px) 100vw, 724px\" \/><\/figure><\/li><li class=\"blocks-gallery-item\"><figure><img decoding=\"async\" loading=\"lazy\" width=\"862\" height=\"1024\" src=\"http:\/\/eu-wsn.wloclawek.pl\/wp-content\/uploads\/2021\/09\/Podsumowanie-merytoryczne-Nowa-Perspektywa-2020-2021-1_Strona_4-862x1024.jpg\" alt=\"\" data-id=\"6098\" data-full-url=\"http:\/\/eu-wsn.wloclawek.pl\/wp-content\/uploads\/2021\/09\/Podsumowanie-merytoryczne-Nowa-Perspektywa-2020-2021-1_Strona_4.jpg\" data-link=\"http:\/\/eu-wsn.wloclawek.pl\/?attachment_id=6098\" class=\"wp-image-6098\" srcset=\"http:\/\/eurointegracja.pl\/wp-content\/uploads\/2021\/09\/Podsumowanie-merytoryczne-Nowa-Perspektywa-2020-2021-1_Strona_4-862x1024.jpg 862w, http:\/\/eurointegracja.pl\/wp-content\/uploads\/2021\/09\/Podsumowanie-merytoryczne-Nowa-Perspektywa-2020-2021-1_Strona_4-252x300.jpg 252w, http:\/\/eurointegracja.pl\/wp-content\/uploads\/2021\/09\/Podsumowanie-merytoryczne-Nowa-Perspektywa-2020-2021-1_Strona_4-768x913.jpg 768w, http:\/\/eurointegracja.pl\/wp-content\/uploads\/2021\/09\/Podsumowanie-merytoryczne-Nowa-Perspektywa-2020-2021-1_Strona_4.jpg 1083w\" sizes=\"(max-width: 767px) 89vw, (max-width: 1000px) 54vw, (max-width: 1071px) 543px, 580px\" \/><\/figure><\/li><\/ul><\/figure>\n","protected":false},"excerpt":{"rendered":"<p>Zrealizowali\u015bmy prawie w 100% &#8211; zabrak\u0142o nam wyj\u015bcia do Multikina ( zakaz, zamkni\u0119te- KORONAWIRUS) Projekt pn. \u201eNowa Perspektywa\u201d zosta\u0142 stworzony z my\u015bl\u0105 o osobach niepe\u0142nosprawnych i spo\u0142eczno\u015bci w\u0142oc\u0142awskiej starszej i m\u0142odszej. Zaprosili\u015bmy zaprzyja\u017anione stowarzyszenia: Stowarzyszenie \u201eStar\u00f3wka\u201d ; Medyczny Uniwersytet III Wieku i Stowarzyszenie \u201eAmazonki\u201d W ramach \u201eNowej Perspektywy\u201d otworzyli\u015bmy si\u0119 ponownie na \u015bwiat i starali\u015bmy &hellip; <\/p>\n<p class=\"link-more\"><a href=\"http:\/\/eurointegracja.pl\/?p=6022\" class=\"more-link\">Czytaj dalej<span class=\"screen-reader-text\"> \u201ePodsumowanie projektu Grantowego FUNDACJI \u201eANWIL dla W\u0142oc\u0142awka\u201d w programie \u201eBudujemy Mosty\u201d pn. \u201eNOWA PERSPEKTYWA\u201d\u201d<\/span><\/a><\/p>\n","protected":false},"author":1,"featured_media":0,"comment_status":"open","ping_status":"open","sticky":false,"template":"","format":"standard","meta":[],"categories":[4],"tags":[],"_links":{"self":[{"href":"http:\/\/eurointegracja.pl\/index.php?rest_route=\/wp\/v2\/posts\/6022"}],"collection":[{"href":"http:\/\/eurointegracja.pl\/index.php?rest_route=\/wp\/v2\/posts"}],"about":[{"href":"http:\/\/eurointegracja.pl\/index.php?rest_route=\/wp\/v2\/types\/post"}],"author":[{"embeddable":true,"href":"http:\/\/eurointegracja.pl\/index.php?rest_route=\/wp\/v2\/users\/1"}],"replies":[{"embeddable":true,"href":"http:\/\/eurointegracja.pl\/index.php?rest_route=%2Fwp%2Fv2%2Fcomments&post=6022"}],"version-history":[{"count":3,"href":"http:\/\/eurointegracja.pl\/index.php?rest_route=\/wp\/v2\/posts\/6022\/revisions"}],"predecessor-version":[{"id":6099,"href":"http:\/\/eurointegracja.pl\/index.php?rest_route=\/wp\/v2\/posts\/6022\/revisions\/6099"}],"wp:attachment":[{"href":"http:\/\/eurointegracja.pl\/index.php?rest_route=%2Fwp%2Fv2%2Fmedia&parent=6022"}],"wp:term":[{"taxonomy":"category","embeddable":true,"href":"http:\/\/eurointegracja.pl\/index.php?rest_route=%2Fwp%2Fv2%2Fcategories&post=6022"},{"taxonomy":"post_tag","embeddable":true,"href":"http:\/\/eurointegracja.pl\/index.php?rest_route=%2Fwp%2Fv2%2Ftags&post=6022"}],"curies":[{"name":"wp","href":"https:\/\/api.w.org\/{rel}","templated":true}]}}