{"id":6100,"date":"2021-09-01T15:54:23","date_gmt":"2021-09-01T15:54:23","guid":{"rendered":"http:\/\/eu-wsn.wloclawek.pl\/?p=6100"},"modified":"2021-09-01T15:54:50","modified_gmt":"2021-09-01T15:54:50","slug":"raport-z-wyjazdu-muszelka-renusz-chlapowo-wladyslawowo","status":"publish","type":"post","link":"http:\/\/eurointegracja.pl\/?p=6100","title":{"rendered":"Raport z wyjazdu \u201eMuszelka \u2013Renusz\u201d   Ch\u0142apowo-W\u0142adys\u0142awowo"},"content":{"rendered":"\n<p class=\"has-text-align-center\">w\u00a0 okresie\u00a0 od 22 maja 2021 do 31 maja 2021<\/p>\n\n\n\n<figure class=\"wp-block-image size-large\"><img decoding=\"async\" loading=\"lazy\" width=\"930\" height=\"486\" src=\"http:\/\/eu-wsn.wloclawek.pl\/wp-content\/uploads\/2021\/09\/11.jpg\" alt=\"\" class=\"wp-image-6101\" srcset=\"http:\/\/eurointegracja.pl\/wp-content\/uploads\/2021\/09\/11.jpg 930w, http:\/\/eurointegracja.pl\/wp-content\/uploads\/2021\/09\/11-300x157.jpg 300w, http:\/\/eurointegracja.pl\/wp-content\/uploads\/2021\/09\/11-768x401.jpg 768w\" sizes=\"(max-width: 767px) 89vw, (max-width: 1000px) 54vw, (max-width: 1071px) 543px, 580px\" \/><\/figure>\n\n\n\n<p><strong>W\u0142oc\u0142awskie Stowarzyszenie Niepe\u0142nosprawnych \u201eEurointegracja\u201d zorganizowa\u0142a dla swoich podopiecznych wyjazd \u201eMuszelka \u2013 Renusz\u201d Ch\u0142apowo \u2013 W\u0142adys\u0142awowo. Odbywa\u0142 si\u0119 on od 22 maja, do 31 maja bie\u017c\u0105cego roku. Wyjazd by\u0142 pe\u0142en atrakcji, kt\u00f3re zachwyci\u0142y wszystkich cz\u0142onk\u00f3w Eurointegracji.<\/strong><\/p>\n\n\n\n<p>Sam wyjazd by\u0142 pe\u0142en atrakcji, program wyjazdu w du\u017cym skr\u00f3cie prezentowa\u0142 si\u0119 nast\u0119puj\u0105co:<\/p>\n\n\n\n<ol><li>Wsp\u00f3lne spacery nad morzem\u00a0 (rehabilitacja jodowa),<\/li><li>Nordic-walking w kierunku W\u0142adys\u0142awowa,<\/li><li>Na pla\u017cy ringo, gra w pi\u0142k\u0119\u00a0\u2013 zabawy sportowe,<\/li><li>Gry towarzyskie grupowe, dyskoteki, ognisko z kie\u0142baskami,<\/li><li>W\u0142adys\u0142awowo \u2013 Dom Rybaka,\u00a0 Muzeum Motyli, Magiczny Zawr\u00f3t G\u0142owy,<\/li><li>\u00a0Ca\u0142odzienna wycieczka do Gdyni \u2013 Wzg\u00f3rze Nowotki oraz zwiedzanie,<\/li><li>Marsz\u00a0\u201enordic\u00a0 &#8211; walking\u201d po\u0142\u0105czony ze zwiedzaniem Centralnego O\u015brodka Sportu\u00a0w Cetniewie\u00a0 &#8211; Aleja Gwiazd Sportu,<\/li><li>Oceanarium w Gdyni\u00a0i pobyt w Sopocie na Molo,<\/li><li>Olimpiada Sportowa w Ch\u0142apowie \/apel sportowy + udzia\u0142 w grach i zabawach\u00a0sportowych na weso\u0142o,<\/li><li>Pokaz mody sportowej po\u0142\u0105czony quizem sportowym oraz balem sportowca,<\/li><li>Zwiedzanie Portu na Helu,\u00a0 rejs statkiem Ocean,<\/li><li>Jastrz\u0119bia G\u00f3ra \u2013 zwiedzanie.<\/li><\/ol>\n\n\n\n<p>Jak podkre\u015blaj\u0105 sami podopieczni stowarzyszenia, wyjazd by\u0142 dla nich zar\u00f3wno przyjemno\u015bci\u0105, jak i wielkim prze\u017cyciem. Priorytetem by\u0142o pozytywne my\u015blenie i maksymalne wykorzystanie czasu mi\u0119dzy sportem, rekreacj\u0105 i wypoczynkiem. Wszyscy wr\u00f3cili do dom\u00f3w pe\u0142ni dobrego humoru, zrelaksowani i odpr\u0119\u017ceni.&nbsp;<\/p>\n\n\n\n<p>Wszelkie spotkania, wyjazdy, czy wycieczki odbywa\u0142y si\u0119 przy zachowaniu odpowiedniego dystansu spo\u0142ecznego, noszenia maseczek, oraz przestrzeganiu obostrze\u0144 zwi\u0105zanych z pandemi\u0105 koronawirusa.<\/p>\n\n\n\n<figure class=\"wp-block-gallery columns-2 is-cropped wp-block-gallery-1 is-layout-flex\"><ul class=\"blocks-gallery-grid\"><li class=\"blocks-gallery-item\"><figure><img decoding=\"async\" loading=\"lazy\" width=\"762\" height=\"1024\" src=\"http:\/\/eu-wsn.wloclawek.pl\/wp-content\/uploads\/2021\/09\/3-panie-762x1024.jpg\" alt=\"\" data-id=\"6102\" data-full-url=\"http:\/\/eu-wsn.wloclawek.pl\/wp-content\/uploads\/2021\/09\/3-panie.jpg\" data-link=\"http:\/\/eu-wsn.wloclawek.pl\/?attachment_id=6102\" class=\"wp-image-6102\" srcset=\"http:\/\/eurointegracja.pl\/wp-content\/uploads\/2021\/09\/3-panie-762x1024.jpg 762w, http:\/\/eurointegracja.pl\/wp-content\/uploads\/2021\/09\/3-panie-223x300.jpg 223w, http:\/\/eurointegracja.pl\/wp-content\/uploads\/2021\/09\/3-panie-768x1032.jpg 768w, http:\/\/eurointegracja.pl\/wp-content\/uploads\/2021\/09\/3-panie-1143x1536.jpg 1143w, http:\/\/eurointegracja.pl\/wp-content\/uploads\/2021\/09\/3-panie.jpg 1488w\" sizes=\"(max-width: 706px) 89vw, (max-width: 767px) 82vw, 740px\" \/><\/figure><\/li><li class=\"blocks-gallery-item\"><figure><img decoding=\"async\" loading=\"lazy\" width=\"1024\" height=\"768\" src=\"http:\/\/eu-wsn.wloclawek.pl\/wp-content\/uploads\/2021\/09\/191362783_930481934191658_4726081837694712503_n-1024x768.jpg\" alt=\"\" data-id=\"6103\" data-full-url=\"http:\/\/eu-wsn.wloclawek.pl\/wp-content\/uploads\/2021\/09\/191362783_930481934191658_4726081837694712503_n.jpg\" data-link=\"http:\/\/eu-wsn.wloclawek.pl\/?attachment_id=6103\" class=\"wp-image-6103\" srcset=\"http:\/\/eurointegracja.pl\/wp-content\/uploads\/2021\/09\/191362783_930481934191658_4726081837694712503_n-1024x768.jpg 1024w, http:\/\/eurointegracja.pl\/wp-content\/uploads\/2021\/09\/191362783_930481934191658_4726081837694712503_n-300x225.jpg 300w, http:\/\/eurointegracja.pl\/wp-content\/uploads\/2021\/09\/191362783_930481934191658_4726081837694712503_n-768x576.jpg 768w, http:\/\/eurointegracja.pl\/wp-content\/uploads\/2021\/09\/191362783_930481934191658_4726081837694712503_n-1536x1152.jpg 1536w, http:\/\/eurointegracja.pl\/wp-content\/uploads\/2021\/09\/191362783_930481934191658_4726081837694712503_n.jpg 2000w\" sizes=\"(max-width: 767px) 89vw, (max-width: 1000px) 54vw, (max-width: 1071px) 543px, 580px\" \/><\/figure><\/li><li class=\"blocks-gallery-item\"><figure><img decoding=\"async\" loading=\"lazy\" width=\"762\" height=\"1024\" src=\"http:\/\/eu-wsn.wloclawek.pl\/wp-content\/uploads\/2021\/09\/\u0107wiczenia-nad-morzem-762x1024.jpg\" alt=\"\" data-id=\"6104\" data-full-url=\"http:\/\/eu-wsn.wloclawek.pl\/wp-content\/uploads\/2021\/09\/\u0107wiczenia-nad-morzem.jpg\" data-link=\"http:\/\/eu-wsn.wloclawek.pl\/?attachment_id=6104\" class=\"wp-image-6104\" srcset=\"http:\/\/eurointegracja.pl\/wp-content\/uploads\/2021\/09\/\u0107wiczenia-nad-morzem-762x1024.jpg 762w, http:\/\/eurointegracja.pl\/wp-content\/uploads\/2021\/09\/\u0107wiczenia-nad-morzem-223x300.jpg 223w, http:\/\/eurointegracja.pl\/wp-content\/uploads\/2021\/09\/\u0107wiczenia-nad-morzem-768x1032.jpg 768w, http:\/\/eurointegracja.pl\/wp-content\/uploads\/2021\/09\/\u0107wiczenia-nad-morzem-1143x1536.jpg 1143w, http:\/\/eurointegracja.pl\/wp-content\/uploads\/2021\/09\/\u0107wiczenia-nad-morzem.jpg 1488w\" sizes=\"(max-width: 706px) 89vw, (max-width: 767px) 82vw, 740px\" \/><\/figure><\/li><li class=\"blocks-gallery-item\"><figure><img decoding=\"async\" loading=\"lazy\" width=\"762\" height=\"1024\" src=\"http:\/\/eu-wsn.wloclawek.pl\/wp-content\/uploads\/2021\/09\/Dar-Pomorza-762x1024.jpg\" alt=\"\" data-id=\"6105\" data-full-url=\"http:\/\/eu-wsn.wloclawek.pl\/wp-content\/uploads\/2021\/09\/Dar-Pomorza.jpg\" data-link=\"http:\/\/eu-wsn.wloclawek.pl\/?attachment_id=6105\" class=\"wp-image-6105\" srcset=\"http:\/\/eurointegracja.pl\/wp-content\/uploads\/2021\/09\/Dar-Pomorza-762x1024.jpg 762w, http:\/\/eurointegracja.pl\/wp-content\/uploads\/2021\/09\/Dar-Pomorza-223x300.jpg 223w, http:\/\/eurointegracja.pl\/wp-content\/uploads\/2021\/09\/Dar-Pomorza-768x1032.jpg 768w, http:\/\/eurointegracja.pl\/wp-content\/uploads\/2021\/09\/Dar-Pomorza-1143x1536.jpg 1143w, http:\/\/eurointegracja.pl\/wp-content\/uploads\/2021\/09\/Dar-Pomorza.jpg 1488w\" sizes=\"(max-width: 706px) 89vw, (max-width: 767px) 82vw, 740px\" \/><\/figure><\/li><li class=\"blocks-gallery-item\"><figure><img decoding=\"async\" loading=\"lazy\" width=\"1024\" height=\"768\" src=\"http:\/\/eu-wsn.wloclawek.pl\/wp-content\/uploads\/2021\/09\/duza-grupa-1024x768.jpg\" alt=\"\" data-id=\"6107\" data-full-url=\"http:\/\/eu-wsn.wloclawek.pl\/wp-content\/uploads\/2021\/09\/duza-grupa.jpg\" data-link=\"http:\/\/eu-wsn.wloclawek.pl\/?attachment_id=6107\" class=\"wp-image-6107\" srcset=\"http:\/\/eurointegracja.pl\/wp-content\/uploads\/2021\/09\/duza-grupa-1024x768.jpg 1024w, http:\/\/eurointegracja.pl\/wp-content\/uploads\/2021\/09\/duza-grupa-300x225.jpg 300w, http:\/\/eurointegracja.pl\/wp-content\/uploads\/2021\/09\/duza-grupa-768x576.jpg 768w, http:\/\/eurointegracja.pl\/wp-content\/uploads\/2021\/09\/duza-grupa-1536x1152.jpg 1536w, http:\/\/eurointegracja.pl\/wp-content\/uploads\/2021\/09\/duza-grupa.jpg 2000w\" sizes=\"(max-width: 767px) 89vw, (max-width: 1000px) 54vw, (max-width: 1071px) 543px, 580px\" \/><\/figure><\/li><li class=\"blocks-gallery-item\"><figure><img decoding=\"async\" loading=\"lazy\" width=\"1024\" height=\"768\" src=\"http:\/\/eu-wsn.wloclawek.pl\/wp-content\/uploads\/2021\/09\/flaga-olimpijska-i-napis-euro-1024x768.jpg\" alt=\"\" data-id=\"6108\" data-full-url=\"http:\/\/eu-wsn.wloclawek.pl\/wp-content\/uploads\/2021\/09\/flaga-olimpijska-i-napis-euro.jpg\" data-link=\"http:\/\/eu-wsn.wloclawek.pl\/?attachment_id=6108\" class=\"wp-image-6108\" srcset=\"http:\/\/eurointegracja.pl\/wp-content\/uploads\/2021\/09\/flaga-olimpijska-i-napis-euro-1024x768.jpg 1024w, http:\/\/eurointegracja.pl\/wp-content\/uploads\/2021\/09\/flaga-olimpijska-i-napis-euro-300x225.jpg 300w, http:\/\/eurointegracja.pl\/wp-content\/uploads\/2021\/09\/flaga-olimpijska-i-napis-euro-768x576.jpg 768w, http:\/\/eurointegracja.pl\/wp-content\/uploads\/2021\/09\/flaga-olimpijska-i-napis-euro-1536x1152.jpg 1536w, http:\/\/eurointegracja.pl\/wp-content\/uploads\/2021\/09\/flaga-olimpijska-i-napis-euro.jpg 2000w\" sizes=\"(max-width: 767px) 89vw, (max-width: 1000px) 54vw, (max-width: 1071px) 543px, 580px\" \/><\/figure><\/li><li class=\"blocks-gallery-item\"><figure><img decoding=\"async\" loading=\"lazy\" width=\"1024\" height=\"768\" src=\"http:\/\/eu-wsn.wloclawek.pl\/wp-content\/uploads\/2021\/09\/gdynia-1-1024x768.jpg\" alt=\"\" data-id=\"6109\" data-full-url=\"http:\/\/eu-wsn.wloclawek.pl\/wp-content\/uploads\/2021\/09\/gdynia-1.jpg\" data-link=\"http:\/\/eu-wsn.wloclawek.pl\/?attachment_id=6109\" class=\"wp-image-6109\" srcset=\"http:\/\/eurointegracja.pl\/wp-content\/uploads\/2021\/09\/gdynia-1-1024x768.jpg 1024w, http:\/\/eurointegracja.pl\/wp-content\/uploads\/2021\/09\/gdynia-1-300x225.jpg 300w, http:\/\/eurointegracja.pl\/wp-content\/uploads\/2021\/09\/gdynia-1-768x576.jpg 768w, http:\/\/eurointegracja.pl\/wp-content\/uploads\/2021\/09\/gdynia-1-1536x1152.jpg 1536w, http:\/\/eurointegracja.pl\/wp-content\/uploads\/2021\/09\/gdynia-1.jpg 2000w\" sizes=\"(max-width: 767px) 89vw, (max-width: 1000px) 54vw, (max-width: 1071px) 543px, 580px\" \/><\/figure><\/li><li class=\"blocks-gallery-item\"><figure><img decoding=\"async\" loading=\"lazy\" width=\"1024\" height=\"768\" src=\"http:\/\/eu-wsn.wloclawek.pl\/wp-content\/uploads\/2021\/09\/Gdynia-oceanarium-1024x768.jpg\" alt=\"\" data-id=\"6110\" data-full-url=\"http:\/\/eu-wsn.wloclawek.pl\/wp-content\/uploads\/2021\/09\/Gdynia-oceanarium.jpg\" data-link=\"http:\/\/eu-wsn.wloclawek.pl\/?attachment_id=6110\" class=\"wp-image-6110\" srcset=\"http:\/\/eurointegracja.pl\/wp-content\/uploads\/2021\/09\/Gdynia-oceanarium-1024x768.jpg 1024w, http:\/\/eurointegracja.pl\/wp-content\/uploads\/2021\/09\/Gdynia-oceanarium-300x225.jpg 300w, http:\/\/eurointegracja.pl\/wp-content\/uploads\/2021\/09\/Gdynia-oceanarium-768x576.jpg 768w, http:\/\/eurointegracja.pl\/wp-content\/uploads\/2021\/09\/Gdynia-oceanarium-1536x1152.jpg 1536w, http:\/\/eurointegracja.pl\/wp-content\/uploads\/2021\/09\/Gdynia-oceanarium.jpg 2000w\" sizes=\"(max-width: 767px) 89vw, (max-width: 1000px) 54vw, (max-width: 1071px) 543px, 580px\" \/><\/figure><\/li><li class=\"blocks-gallery-item\"><figure><img decoding=\"async\" loading=\"lazy\" width=\"762\" height=\"1024\" src=\"http:\/\/eu-wsn.wloclawek.pl\/wp-content\/uploads\/2021\/09\/Hel-762x1024.jpg\" alt=\"\" data-id=\"6111\" data-full-url=\"http:\/\/eu-wsn.wloclawek.pl\/wp-content\/uploads\/2021\/09\/Hel.jpg\" data-link=\"http:\/\/eu-wsn.wloclawek.pl\/?attachment_id=6111\" class=\"wp-image-6111\" srcset=\"http:\/\/eurointegracja.pl\/wp-content\/uploads\/2021\/09\/Hel-762x1024.jpg 762w, http:\/\/eurointegracja.pl\/wp-content\/uploads\/2021\/09\/Hel-223x300.jpg 223w, http:\/\/eurointegracja.pl\/wp-content\/uploads\/2021\/09\/Hel-768x1032.jpg 768w, http:\/\/eurointegracja.pl\/wp-content\/uploads\/2021\/09\/Hel-1143x1536.jpg 1143w, http:\/\/eurointegracja.pl\/wp-content\/uploads\/2021\/09\/Hel.jpg 1488w\" sizes=\"(max-width: 706px) 89vw, (max-width: 767px) 82vw, 740px\" \/><\/figure><\/li><li class=\"blocks-gallery-item\"><figure><img decoding=\"async\" loading=\"lazy\" width=\"1024\" height=\"768\" src=\"http:\/\/eu-wsn.wloclawek.pl\/wp-content\/uploads\/2021\/09\/jastrz\u0119bia-1024x768.jpg\" alt=\"\" data-id=\"6112\" data-full-url=\"http:\/\/eu-wsn.wloclawek.pl\/wp-content\/uploads\/2021\/09\/jastrz\u0119bia.jpg\" data-link=\"http:\/\/eu-wsn.wloclawek.pl\/?attachment_id=6112\" class=\"wp-image-6112\" srcset=\"http:\/\/eurointegracja.pl\/wp-content\/uploads\/2021\/09\/jastrz\u0119bia-1024x768.jpg 1024w, http:\/\/eurointegracja.pl\/wp-content\/uploads\/2021\/09\/jastrz\u0119bia-300x225.jpg 300w, http:\/\/eurointegracja.pl\/wp-content\/uploads\/2021\/09\/jastrz\u0119bia-768x576.jpg 768w, http:\/\/eurointegracja.pl\/wp-content\/uploads\/2021\/09\/jastrz\u0119bia-1536x1152.jpg 1536w, http:\/\/eurointegracja.pl\/wp-content\/uploads\/2021\/09\/jastrz\u0119bia.jpg 2000w\" sizes=\"(max-width: 767px) 89vw, (max-width: 1000px) 54vw, (max-width: 1071px) 543px, 580px\" \/><\/figure><\/li><li class=\"blocks-gallery-item\"><figure><img decoding=\"async\" loading=\"lazy\" width=\"1024\" height=\"768\" src=\"http:\/\/eu-wsn.wloclawek.pl\/wp-content\/uploads\/2021\/09\/makieta-w-muzeum-1024x768.jpg\" alt=\"\" data-id=\"6113\" data-full-url=\"http:\/\/eu-wsn.wloclawek.pl\/wp-content\/uploads\/2021\/09\/makieta-w-muzeum.jpg\" data-link=\"http:\/\/eu-wsn.wloclawek.pl\/?attachment_id=6113\" class=\"wp-image-6113\" srcset=\"http:\/\/eurointegracja.pl\/wp-content\/uploads\/2021\/09\/makieta-w-muzeum-1024x768.jpg 1024w, http:\/\/eurointegracja.pl\/wp-content\/uploads\/2021\/09\/makieta-w-muzeum-300x225.jpg 300w, http:\/\/eurointegracja.pl\/wp-content\/uploads\/2021\/09\/makieta-w-muzeum-768x576.jpg 768w, http:\/\/eurointegracja.pl\/wp-content\/uploads\/2021\/09\/makieta-w-muzeum-1536x1152.jpg 1536w, http:\/\/eurointegracja.pl\/wp-content\/uploads\/2021\/09\/makieta-w-muzeum.jpg 2000w\" sizes=\"(max-width: 767px) 89vw, (max-width: 1000px) 54vw, (max-width: 1071px) 543px, 580px\" \/><\/figure><\/li><li class=\"blocks-gallery-item\"><figure><img decoding=\"async\" loading=\"lazy\" width=\"762\" height=\"1024\" src=\"http:\/\/eu-wsn.wloclawek.pl\/wp-content\/uploads\/2021\/09\/Muzeum-motyli-1-762x1024.jpg\" alt=\"\" data-id=\"6115\" data-full-url=\"http:\/\/eu-wsn.wloclawek.pl\/wp-content\/uploads\/2021\/09\/Muzeum-motyli-1.jpg\" data-link=\"http:\/\/eu-wsn.wloclawek.pl\/?attachment_id=6115\" class=\"wp-image-6115\" srcset=\"http:\/\/eurointegracja.pl\/wp-content\/uploads\/2021\/09\/Muzeum-motyli-1-762x1024.jpg 762w, http:\/\/eurointegracja.pl\/wp-content\/uploads\/2021\/09\/Muzeum-motyli-1-223x300.jpg 223w, http:\/\/eurointegracja.pl\/wp-content\/uploads\/2021\/09\/Muzeum-motyli-1-768x1032.jpg 768w, http:\/\/eurointegracja.pl\/wp-content\/uploads\/2021\/09\/Muzeum-motyli-1-1143x1536.jpg 1143w, http:\/\/eurointegracja.pl\/wp-content\/uploads\/2021\/09\/Muzeum-motyli-1.jpg 1488w\" sizes=\"(max-width: 706px) 89vw, (max-width: 767px) 82vw, 740px\" \/><\/figure><\/li><li class=\"blocks-gallery-item\"><figure><img decoding=\"async\" src=\"blob:http:\/\/eu-wsn.wloclawek.pl\/d56d1c47-f0ae-4615-b005-44a0f6283701\" data-id=\"\"\/><\/figure><\/li><li class=\"blocks-gallery-item\"><figure><img decoding=\"async\" src=\"blob:http:\/\/eu-wsn.wloclawek.pl\/a937399a-de4f-4f8f-b3ba-5c285382b7ef\" data-id=\"\"\/><\/figure><\/li><\/ul><\/figure>\n","protected":false},"excerpt":{"rendered":"<p>w\u00a0 okresie\u00a0 od 22 maja 2021 do 31 maja 2021 W\u0142oc\u0142awskie Stowarzyszenie Niepe\u0142nosprawnych \u201eEurointegracja\u201d zorganizowa\u0142a dla swoich podopiecznych wyjazd \u201eMuszelka \u2013 Renusz\u201d Ch\u0142apowo \u2013 W\u0142adys\u0142awowo. Odbywa\u0142 si\u0119 on od 22 maja, do 31 maja bie\u017c\u0105cego roku. Wyjazd by\u0142 pe\u0142en atrakcji, kt\u00f3re zachwyci\u0142y wszystkich cz\u0142onk\u00f3w Eurointegracji. Sam wyjazd by\u0142 pe\u0142en atrakcji, program wyjazdu w du\u017cym skr\u00f3cie &hellip; <\/p>\n<p class=\"link-more\"><a href=\"http:\/\/eurointegracja.pl\/?p=6100\" class=\"more-link\">Czytaj dalej<span class=\"screen-reader-text\"> \u201eRaport z wyjazdu \u201eMuszelka \u2013Renusz\u201d   Ch\u0142apowo-W\u0142adys\u0142awowo\u201d<\/span><\/a><\/p>\n","protected":false},"author":1,"featured_media":0,"comment_status":"open","ping_status":"open","sticky":false,"template":"","format":"standard","meta":[],"categories":[4],"tags":[],"_links":{"self":[{"href":"http:\/\/eurointegracja.pl\/index.php?rest_route=\/wp\/v2\/posts\/6100"}],"collection":[{"href":"http:\/\/eurointegracja.pl\/index.php?rest_route=\/wp\/v2\/posts"}],"about":[{"href":"http:\/\/eurointegracja.pl\/index.php?rest_route=\/wp\/v2\/types\/post"}],"author":[{"embeddable":true,"href":"http:\/\/eurointegracja.pl\/index.php?rest_route=\/wp\/v2\/users\/1"}],"replies":[{"embeddable":true,"href":"http:\/\/eurointegracja.pl\/index.php?rest_route=%2Fwp%2Fv2%2Fcomments&post=6100"}],"version-history":[{"count":3,"href":"http:\/\/eurointegracja.pl\/index.php?rest_route=\/wp\/v2\/posts\/6100\/revisions"}],"predecessor-version":[{"id":6117,"href":"http:\/\/eurointegracja.pl\/index.php?rest_route=\/wp\/v2\/posts\/6100\/revisions\/6117"}],"wp:attachment":[{"href":"http:\/\/eurointegracja.pl\/index.php?rest_route=%2Fwp%2Fv2%2Fmedia&parent=6100"}],"wp:term":[{"taxonomy":"category","embeddable":true,"href":"http:\/\/eurointegracja.pl\/index.php?rest_route=%2Fwp%2Fv2%2Fcategories&post=6100"},{"taxonomy":"post_tag","embeddable":true,"href":"http:\/\/eurointegracja.pl\/index.php?rest_route=%2Fwp%2Fv2%2Ftags&post=6100"}],"curies":[{"name":"wp","href":"https:\/\/api.w.org\/{rel}","templated":true}]}}