{"id":6120,"date":"2021-09-01T15:58:37","date_gmt":"2021-09-01T15:58:37","guid":{"rendered":"http:\/\/eu-wsn.wloclawek.pl\/?p=6120"},"modified":"2021-09-01T16:01:43","modified_gmt":"2021-09-01T16:01:43","slug":"spotkanie-z-wloclawska-poetka-wieslawa-papke-w-dniu-11-06-2021","status":"publish","type":"post","link":"http:\/\/eurointegracja.pl\/?p=6120","title":{"rendered":"Spotkanie z w\u0142oc\u0142awsk\u0105 poetk\u0105 Wies\u0142aw\u0105 Papke w dniu 11.06.2021"},"content":{"rendered":"\n<figure class=\"wp-block-gallery columns-1 is-cropped wp-block-gallery-1 is-layout-flex\"><ul class=\"blocks-gallery-grid\"><li class=\"blocks-gallery-item\"><figure><img decoding=\"async\" loading=\"lazy\" width=\"980\" height=\"735\" src=\"http:\/\/eu-wsn.wloclawek.pl\/wp-content\/uploads\/2021\/09\/s4_3a5869504dcd541fbfc1796a17589c61-1.jpg\" alt=\"\" data-id=\"6122\" data-full-url=\"http:\/\/eu-wsn.wloclawek.pl\/wp-content\/uploads\/2021\/09\/s4_3a5869504dcd541fbfc1796a17589c61-1.jpg\" data-link=\"http:\/\/eu-wsn.wloclawek.pl\/?attachment_id=6122\" class=\"wp-image-6122\" srcset=\"http:\/\/eurointegracja.pl\/wp-content\/uploads\/2021\/09\/s4_3a5869504dcd541fbfc1796a17589c61-1.jpg 980w, http:\/\/eurointegracja.pl\/wp-content\/uploads\/2021\/09\/s4_3a5869504dcd541fbfc1796a17589c61-1-300x225.jpg 300w, http:\/\/eurointegracja.pl\/wp-content\/uploads\/2021\/09\/s4_3a5869504dcd541fbfc1796a17589c61-1-768x576.jpg 768w\" sizes=\"(max-width: 767px) 89vw, (max-width: 1000px) 54vw, (max-width: 1071px) 543px, 580px\" \/><\/figure><\/li><\/ul><\/figure>\n\n\n\n<p><strong>Cz\u0142onkowie Eurointegracji s\u0105 dumni, \u017ce w swoich szeregach maj\u0105 cudown\u0105 i niezapomnian\u0105 poetk\u0119 Wies\u0142aw\u0119 Papke.<\/strong><br>To ju\u017c drugie spotkanie z poetk\u0105, kt\u00f3ra zaprezentowa\u0142a sw\u00f3j dorobek literacki.<br>Podczas spotkania z kole\u017cankami i kolegami z Eurointegracji otworzy\u0142a si\u0119 i m\u00f3wi\u0142a o swojej biografii, gdzie w swojej tw\u00f3rczo\u015bci cz\u0119sto wraca\u0142a do lat dzieci\u0144stwa i m\u0142odo\u015bci. Pisa\u0142a r\u00f3wnie\u017c o Stowarzyszeniu Eurointegracja, o relacjach \u0142\u0105cz\u0105cych jej cz\u0142onk\u00f3w. Jest osob\u0105 ciep\u0142\u0105 i skromn\u0105, ale jej wiersze ubogacaj\u0105 duchowo spotkania cz\u0142onk\u00f3w Eurointegracji.<br>Na scenie pojawi\u0142a si\u0119 tak\u017ce wokalistka, Marcelina G\u00f3ralska, kt\u00f3ra mia\u0142a okazj\u0119 zaprezentowa\u0107 sw\u00f3j talent zgromadzonej publiczno\u015bci.<br>Na zako\u0144czenie spotkania nasza poetka podzi\u0119kowa\u0142a za wys\u0142uchanie jej wierszy, a jego uczestnicy od\u015bpiewali gromkie sto lat.<br>Wielkie Gratulacje!<\/p>\n\n\n\n<figure class=\"wp-block-gallery columns-2 is-cropped wp-block-gallery-3 is-layout-flex\"><ul class=\"blocks-gallery-grid\"><li class=\"blocks-gallery-item\"><figure><img decoding=\"async\" loading=\"lazy\" width=\"768\" height=\"1024\" src=\"http:\/\/eu-wsn.wloclawek.pl\/wp-content\/uploads\/2021\/09\/197282039_389726895697683_6534990218536280755_n-768x1024.jpg\" alt=\"\" data-id=\"6123\" data-link=\"http:\/\/eu-wsn.wloclawek.pl\/?attachment_id=6123\" class=\"wp-image-6123\" srcset=\"http:\/\/eurointegracja.pl\/wp-content\/uploads\/2021\/09\/197282039_389726895697683_6534990218536280755_n-768x1024.jpg 768w, http:\/\/eurointegracja.pl\/wp-content\/uploads\/2021\/09\/197282039_389726895697683_6534990218536280755_n-225x300.jpg 225w, http:\/\/eurointegracja.pl\/wp-content\/uploads\/2021\/09\/197282039_389726895697683_6534990218536280755_n-1152x1536.jpg 1152w, http:\/\/eurointegracja.pl\/wp-content\/uploads\/2021\/09\/197282039_389726895697683_6534990218536280755_n.jpg 1200w\" sizes=\"(max-width: 767px) 89vw, (max-width: 1000px) 54vw, (max-width: 1071px) 543px, 580px\" \/><\/figure><\/li><li class=\"blocks-gallery-item\"><figure><img decoding=\"async\" loading=\"lazy\" width=\"1024\" height=\"498\" src=\"http:\/\/eu-wsn.wloclawek.pl\/wp-content\/uploads\/2021\/09\/198281677_200775528456359_481960843848403366_n-1024x498.jpg\" alt=\"\" data-id=\"6124\" data-link=\"http:\/\/eu-wsn.wloclawek.pl\/?attachment_id=6124\" class=\"wp-image-6124\" srcset=\"http:\/\/eurointegracja.pl\/wp-content\/uploads\/2021\/09\/198281677_200775528456359_481960843848403366_n-1024x498.jpg 1024w, http:\/\/eurointegracja.pl\/wp-content\/uploads\/2021\/09\/198281677_200775528456359_481960843848403366_n-300x146.jpg 300w, http:\/\/eurointegracja.pl\/wp-content\/uploads\/2021\/09\/198281677_200775528456359_481960843848403366_n-768x373.jpg 768w, http:\/\/eurointegracja.pl\/wp-content\/uploads\/2021\/09\/198281677_200775528456359_481960843848403366_n-1536x747.jpg 1536w, http:\/\/eurointegracja.pl\/wp-content\/uploads\/2021\/09\/198281677_200775528456359_481960843848403366_n.jpg 2016w\" sizes=\"(max-width: 767px) 89vw, (max-width: 1000px) 54vw, (max-width: 1071px) 543px, 580px\" \/><\/figure><\/li><li class=\"blocks-gallery-item\"><figure><img decoding=\"async\" loading=\"lazy\" width=\"1024\" height=\"496\" src=\"http:\/\/eu-wsn.wloclawek.pl\/wp-content\/uploads\/2021\/09\/199729207_1955245064623072_5300435272971890527_n-1024x496.jpg\" alt=\"\" data-id=\"6125\" data-link=\"http:\/\/eu-wsn.wloclawek.pl\/?attachment_id=6125\" class=\"wp-image-6125\" srcset=\"http:\/\/eurointegracja.pl\/wp-content\/uploads\/2021\/09\/199729207_1955245064623072_5300435272971890527_n-1024x496.jpg 1024w, http:\/\/eurointegracja.pl\/wp-content\/uploads\/2021\/09\/199729207_1955245064623072_5300435272971890527_n-300x145.jpg 300w, http:\/\/eurointegracja.pl\/wp-content\/uploads\/2021\/09\/199729207_1955245064623072_5300435272971890527_n-768x372.jpg 768w, http:\/\/eurointegracja.pl\/wp-content\/uploads\/2021\/09\/199729207_1955245064623072_5300435272971890527_n-1536x744.jpg 1536w, http:\/\/eurointegracja.pl\/wp-content\/uploads\/2021\/09\/199729207_1955245064623072_5300435272971890527_n.jpg 2016w\" sizes=\"(max-width: 767px) 89vw, (max-width: 1000px) 54vw, (max-width: 1071px) 543px, 580px\" \/><\/figure><\/li><li class=\"blocks-gallery-item\"><figure><img decoding=\"async\" loading=\"lazy\" width=\"930\" height=\"620\" src=\"http:\/\/eu-wsn.wloclawek.pl\/wp-content\/uploads\/2021\/09\/1623402558_58369996_org.jpg\" alt=\"\" data-id=\"6126\" data-link=\"http:\/\/eu-wsn.wloclawek.pl\/?attachment_id=6126\" class=\"wp-image-6126\" srcset=\"http:\/\/eurointegracja.pl\/wp-content\/uploads\/2021\/09\/1623402558_58369996_org.jpg 930w, http:\/\/eurointegracja.pl\/wp-content\/uploads\/2021\/09\/1623402558_58369996_org-300x200.jpg 300w, http:\/\/eurointegracja.pl\/wp-content\/uploads\/2021\/09\/1623402558_58369996_org-768x512.jpg 768w\" sizes=\"(max-width: 767px) 89vw, (max-width: 1000px) 54vw, (max-width: 1071px) 543px, 580px\" \/><\/figure><\/li><li class=\"blocks-gallery-item\"><figure><img decoding=\"async\" loading=\"lazy\" width=\"930\" height=\"620\" src=\"http:\/\/eu-wsn.wloclawek.pl\/wp-content\/uploads\/2021\/09\/1623402605_62641125_org.jpg\" alt=\"\" data-id=\"6127\" data-link=\"http:\/\/eu-wsn.wloclawek.pl\/?attachment_id=6127\" class=\"wp-image-6127\" srcset=\"http:\/\/eurointegracja.pl\/wp-content\/uploads\/2021\/09\/1623402605_62641125_org.jpg 930w, http:\/\/eurointegracja.pl\/wp-content\/uploads\/2021\/09\/1623402605_62641125_org-300x200.jpg 300w, http:\/\/eurointegracja.pl\/wp-content\/uploads\/2021\/09\/1623402605_62641125_org-768x512.jpg 768w\" sizes=\"(max-width: 767px) 89vw, (max-width: 1000px) 54vw, (max-width: 1071px) 543px, 580px\" \/><\/figure><\/li><li class=\"blocks-gallery-item\"><figure><img decoding=\"async\" loading=\"lazy\" width=\"930\" height=\"620\" src=\"http:\/\/eu-wsn.wloclawek.pl\/wp-content\/uploads\/2021\/09\/1623402613_99326966_org.jpg\" alt=\"\" data-id=\"6128\" data-link=\"http:\/\/eu-wsn.wloclawek.pl\/?attachment_id=6128\" class=\"wp-image-6128\" srcset=\"http:\/\/eurointegracja.pl\/wp-content\/uploads\/2021\/09\/1623402613_99326966_org.jpg 930w, http:\/\/eurointegracja.pl\/wp-content\/uploads\/2021\/09\/1623402613_99326966_org-300x200.jpg 300w, http:\/\/eurointegracja.pl\/wp-content\/uploads\/2021\/09\/1623402613_99326966_org-768x512.jpg 768w\" sizes=\"(max-width: 767px) 89vw, (max-width: 1000px) 54vw, (max-width: 1071px) 543px, 580px\" \/><\/figure><\/li><li class=\"blocks-gallery-item\"><figure><img decoding=\"async\" loading=\"lazy\" width=\"930\" height=\"620\" src=\"http:\/\/eu-wsn.wloclawek.pl\/wp-content\/uploads\/2021\/09\/1623402614_61446509_org.jpg\" alt=\"\" data-id=\"6130\" data-link=\"http:\/\/eu-wsn.wloclawek.pl\/?attachment_id=6130\" class=\"wp-image-6130\" srcset=\"http:\/\/eurointegracja.pl\/wp-content\/uploads\/2021\/09\/1623402614_61446509_org.jpg 930w, http:\/\/eurointegracja.pl\/wp-content\/uploads\/2021\/09\/1623402614_61446509_org-300x200.jpg 300w, http:\/\/eurointegracja.pl\/wp-content\/uploads\/2021\/09\/1623402614_61446509_org-768x512.jpg 768w\" sizes=\"(max-width: 767px) 89vw, (max-width: 1000px) 54vw, (max-width: 1071px) 543px, 580px\" \/><\/figure><\/li><li class=\"blocks-gallery-item\"><figure><img decoding=\"async\" loading=\"lazy\" width=\"980\" height=\"735\" src=\"http:\/\/eu-wsn.wloclawek.pl\/wp-content\/uploads\/2021\/09\/s4_3a5869504dcd541fbfc1796a17589c61-2.jpg\" alt=\"\" data-id=\"6131\" data-link=\"http:\/\/eu-wsn.wloclawek.pl\/?attachment_id=6131\" class=\"wp-image-6131\" srcset=\"http:\/\/eurointegracja.pl\/wp-content\/uploads\/2021\/09\/s4_3a5869504dcd541fbfc1796a17589c61-2.jpg 980w, http:\/\/eurointegracja.pl\/wp-content\/uploads\/2021\/09\/s4_3a5869504dcd541fbfc1796a17589c61-2-300x225.jpg 300w, http:\/\/eurointegracja.pl\/wp-content\/uploads\/2021\/09\/s4_3a5869504dcd541fbfc1796a17589c61-2-768x576.jpg 768w\" sizes=\"(max-width: 767px) 89vw, (max-width: 1000px) 54vw, (max-width: 1071px) 543px, 580px\" \/><\/figure><\/li><li class=\"blocks-gallery-item\"><figure><img decoding=\"async\" loading=\"lazy\" width=\"980\" height=\"735\" src=\"http:\/\/eu-wsn.wloclawek.pl\/wp-content\/uploads\/2021\/09\/s4_19bc4a7e4857ce17dc8f695d501dcab6.jpg\" alt=\"\" data-id=\"6132\" data-link=\"http:\/\/eu-wsn.wloclawek.pl\/?attachment_id=6132\" class=\"wp-image-6132\" srcset=\"http:\/\/eurointegracja.pl\/wp-content\/uploads\/2021\/09\/s4_19bc4a7e4857ce17dc8f695d501dcab6.jpg 980w, http:\/\/eurointegracja.pl\/wp-content\/uploads\/2021\/09\/s4_19bc4a7e4857ce17dc8f695d501dcab6-300x225.jpg 300w, http:\/\/eurointegracja.pl\/wp-content\/uploads\/2021\/09\/s4_19bc4a7e4857ce17dc8f695d501dcab6-768x576.jpg 768w\" sizes=\"(max-width: 767px) 89vw, (max-width: 1000px) 54vw, (max-width: 1071px) 543px, 580px\" \/><\/figure><\/li><li class=\"blocks-gallery-item\"><figure><img decoding=\"async\" loading=\"lazy\" width=\"980\" height=\"735\" src=\"http:\/\/eu-wsn.wloclawek.pl\/wp-content\/uploads\/2021\/09\/s4_0722fa03632a3241501b43e23be3b28a-1.jpg\" alt=\"\" data-id=\"6146\" data-full-url=\"http:\/\/eu-wsn.wloclawek.pl\/wp-content\/uploads\/2021\/09\/s4_0722fa03632a3241501b43e23be3b28a-1.jpg\" data-link=\"http:\/\/eu-wsn.wloclawek.pl\/?attachment_id=6146\" class=\"wp-image-6146\" srcset=\"http:\/\/eurointegracja.pl\/wp-content\/uploads\/2021\/09\/s4_0722fa03632a3241501b43e23be3b28a-1.jpg 980w, http:\/\/eurointegracja.pl\/wp-content\/uploads\/2021\/09\/s4_0722fa03632a3241501b43e23be3b28a-1-300x225.jpg 300w, http:\/\/eurointegracja.pl\/wp-content\/uploads\/2021\/09\/s4_0722fa03632a3241501b43e23be3b28a-1-768x576.jpg 768w\" sizes=\"(max-width: 767px) 89vw, (max-width: 1000px) 54vw, (max-width: 1071px) 543px, 580px\" \/><\/figure><\/li><li class=\"blocks-gallery-item\"><figure><img decoding=\"async\" loading=\"lazy\" width=\"980\" height=\"735\" src=\"http:\/\/eu-wsn.wloclawek.pl\/wp-content\/uploads\/2021\/09\/s4_f01fad73406b2c971cdcffa1082a0897-1.jpg\" alt=\"\" data-id=\"6147\" data-full-url=\"http:\/\/eu-wsn.wloclawek.pl\/wp-content\/uploads\/2021\/09\/s4_f01fad73406b2c971cdcffa1082a0897-1.jpg\" data-link=\"http:\/\/eu-wsn.wloclawek.pl\/?attachment_id=6147\" class=\"wp-image-6147\" srcset=\"http:\/\/eurointegracja.pl\/wp-content\/uploads\/2021\/09\/s4_f01fad73406b2c971cdcffa1082a0897-1.jpg 980w, http:\/\/eurointegracja.pl\/wp-content\/uploads\/2021\/09\/s4_f01fad73406b2c971cdcffa1082a0897-1-300x225.jpg 300w, http:\/\/eurointegracja.pl\/wp-content\/uploads\/2021\/09\/s4_f01fad73406b2c971cdcffa1082a0897-1-768x576.jpg 768w\" sizes=\"(max-width: 767px) 89vw, (max-width: 1000px) 54vw, (max-width: 1071px) 543px, 580px\" \/><\/figure><\/li><\/ul><\/figure>\n","protected":false},"excerpt":{"rendered":"<p>Cz\u0142onkowie Eurointegracji s\u0105 dumni, \u017ce w swoich szeregach maj\u0105 cudown\u0105 i niezapomnian\u0105 poetk\u0119 Wies\u0142aw\u0119 Papke.To ju\u017c drugie spotkanie z poetk\u0105, kt\u00f3ra zaprezentowa\u0142a sw\u00f3j dorobek literacki.Podczas spotkania z kole\u017cankami i kolegami z Eurointegracji otworzy\u0142a si\u0119 i m\u00f3wi\u0142a o swojej biografii, gdzie w swojej tw\u00f3rczo\u015bci cz\u0119sto wraca\u0142a do lat dzieci\u0144stwa i m\u0142odo\u015bci. Pisa\u0142a r\u00f3wnie\u017c o Stowarzyszeniu Eurointegracja, &hellip; <\/p>\n<p class=\"link-more\"><a href=\"http:\/\/eurointegracja.pl\/?p=6120\" class=\"more-link\">Czytaj dalej<span class=\"screen-reader-text\"> \u201eSpotkanie z w\u0142oc\u0142awsk\u0105 poetk\u0105 Wies\u0142aw\u0105 Papke w dniu 11.06.2021\u201d<\/span><\/a><\/p>\n","protected":false},"author":1,"featured_media":0,"comment_status":"open","ping_status":"open","sticky":false,"template":"","format":"standard","meta":[],"categories":[4],"tags":[],"_links":{"self":[{"href":"http:\/\/eurointegracja.pl\/index.php?rest_route=\/wp\/v2\/posts\/6120"}],"collection":[{"href":"http:\/\/eurointegracja.pl\/index.php?rest_route=\/wp\/v2\/posts"}],"about":[{"href":"http:\/\/eurointegracja.pl\/index.php?rest_route=\/wp\/v2\/types\/post"}],"author":[{"embeddable":true,"href":"http:\/\/eurointegracja.pl\/index.php?rest_route=\/wp\/v2\/users\/1"}],"replies":[{"embeddable":true,"href":"http:\/\/eurointegracja.pl\/index.php?rest_route=%2Fwp%2Fv2%2Fcomments&post=6120"}],"version-history":[{"count":3,"href":"http:\/\/eurointegracja.pl\/index.php?rest_route=\/wp\/v2\/posts\/6120\/revisions"}],"predecessor-version":[{"id":6148,"href":"http:\/\/eurointegracja.pl\/index.php?rest_route=\/wp\/v2\/posts\/6120\/revisions\/6148"}],"wp:attachment":[{"href":"http:\/\/eurointegracja.pl\/index.php?rest_route=%2Fwp%2Fv2%2Fmedia&parent=6120"}],"wp:term":[{"taxonomy":"category","embeddable":true,"href":"http:\/\/eurointegracja.pl\/index.php?rest_route=%2Fwp%2Fv2%2Fcategories&post=6120"},{"taxonomy":"post_tag","embeddable":true,"href":"http:\/\/eurointegracja.pl\/index.php?rest_route=%2Fwp%2Fv2%2Ftags&post=6120"}],"curies":[{"name":"wp","href":"https:\/\/api.w.org\/{rel}","templated":true}]}}