{"id":6136,"date":"2021-09-01T16:00:55","date_gmt":"2021-09-01T16:00:55","guid":{"rendered":"http:\/\/eu-wsn.wloclawek.pl\/?p=6136"},"modified":"2021-11-17T08:34:17","modified_gmt":"2021-11-17T08:34:17","slug":"udzial-eurointegracji-w-konkursie-fotograficznym-08-01-2021","status":"publish","type":"post","link":"http:\/\/eurointegracja.pl\/?p=6136","title":{"rendered":"Udzia\u0142 Eurointegracji w konkursie fotograficznym  &#8211; 08.01.2021"},"content":{"rendered":"\n<div class=\"wp-block-image\"><figure class=\"alignleft size-large is-resized\"><img decoding=\"async\" loading=\"lazy\" src=\"http:\/\/eurointegracja.pl\/wp-content\/uploads\/2021\/09\/238420997_251464396797157_3683139877349052268_n.jpg\" alt=\"\" width=\"289\" height=\"389\"\/><\/figure><\/div>\n\n\n\n<p>Celem Konkursu by\u0142o:<br>\u2022 zarejestrowanie obraz\u00f3w i ludzi pracuj\u0105cych woluntarystycznie, ich dzia\u0142a\u0144, czyn\u00f3w i zachowania;<br>\u2022 promocja wolontariatu we w\u0142oc\u0142awskich organizacjach pozarz\u0105dowych<\/p>\n\n\n\n<p>Na konkurs nades\u0142anych zosta\u0142o 25 fotografii z 9 organizacji pozarz\u0105dowych. Komisja dokona\u0142a analizy prac konkursowych zgodnie z przyj\u0119tymi w regulaminie kryteriami.<br>Podczas oceniania prac jury bra\u0142o pod uwag\u0119 nast\u0119puj\u0105ce kryteria:<br>\u2022 zgodno\u015b\u0107 tematyczn\u0105,<br>\u2022 podej\u015bcie do tematu,<br>\u2022 pomys\u0142owo\u015b\u0107 uj\u0119\u0107,<br>\u2022 poziom estetyczny prac.<\/p>\n\n\n\n<p>Decyzj\u0105 Komisji przyznano I, II, III miejsce.<br>I miejsce: WO\u015aP W\u0142oc\u0142awek<br>II miejsce: W\u0142oc\u0142awskie Stowarzyszenie Niepe\u0142nosprawnych Eurointegracja<br>III miejsce: W\u0142oc\u0142awskie Stowarzyszenie Lotnicze<\/p>\n\n\n\n<p>Wszystkie wyr\u00f3\u017cnione prace znalaz\u0142y si\u0119 w kalendarzu na 2021 rok.<br>Raz jeszcze z serca gratulujemy i dzi\u0119kujemy za udzia\u0142 w konkursie<\/p>\n\n\n\n<figure class=\"wp-block-gallery columns-2 is-cropped wp-block-gallery-1 is-layout-flex\"><ul class=\"blocks-gallery-grid\"><li class=\"blocks-gallery-item\"><figure><img decoding=\"async\" loading=\"lazy\" width=\"153\" height=\"206\" src=\"http:\/\/eurointegracja.pl\/wp-content\/uploads\/2021\/09\/238420997_251464396797157_3683139877349052268_n-1.jpg\" alt=\"\" data-id=\"6138\" data-full-url=\"http:\/\/eurointegracja.pl\/wp-content\/uploads\/2021\/09\/238420997_251464396797157_3683139877349052268_n-1.jpg\" data-link=\"http:\/\/eurointegracja.pl\/?attachment_id=6138\" class=\"wp-image-6138\"\/><\/figure><\/li><li class=\"blocks-gallery-item\"><figure><img decoding=\"async\" loading=\"lazy\" width=\"595\" height=\"446\" src=\"http:\/\/eurointegracja.pl\/wp-content\/uploads\/2021\/09\/IMG_20210120_130257-scaled-1.jpg\" alt=\"\" data-id=\"6139\" data-full-url=\"http:\/\/eurointegracja.pl\/wp-content\/uploads\/2021\/09\/IMG_20210120_130257-scaled-1.jpg\" data-link=\"http:\/\/eu-wsn.wloclawek.pl\/?attachment_id=6139\" class=\"wp-image-6139\" srcset=\"http:\/\/eurointegracja.pl\/wp-content\/uploads\/2021\/09\/IMG_20210120_130257-scaled-1.jpg 595w, http:\/\/eurointegracja.pl\/wp-content\/uploads\/2021\/09\/IMG_20210120_130257-scaled-1-300x225.jpg 300w\" sizes=\"(max-width: 595px) 100vw, 595px\" \/><\/figure><\/li><li class=\"blocks-gallery-item\"><figure><img decoding=\"async\" loading=\"lazy\" width=\"595\" height=\"446\" src=\"http:\/\/eu-wsn.wloclawek.pl\/wp-content\/uploads\/2021\/09\/IMG_20210122_141456-scaled-1.jpg\" alt=\"\" data-id=\"6140\" data-full-url=\"http:\/\/eurointegracja.pl\/wp-content\/uploads\/2021\/09\/IMG_20210122_141456-scaled-1.jpg\" data-link=\"http:\/\/eurointegracja.pl\/?attachment_id=6140\" class=\"wp-image-6140\" srcset=\"http:\/\/eurointegracja.pl\/wp-content\/uploads\/2021\/09\/IMG_20210122_141456-scaled-1.jpg 595w, http:\/\/eurointegracja.pl\/wp-content\/uploads\/2021\/09\/IMG_20210122_141456-scaled-1-300x225.jpg 300w\" sizes=\"(max-width: 595px) 100vw, 595px\" \/><\/figure><\/li><li class=\"blocks-gallery-item\"><figure><img decoding=\"async\" loading=\"lazy\" width=\"595\" height=\"446\" src=\"http:\/\/eu-wsn.wloclawek.pl\/wp-content\/uploads\/2021\/09\/IMG_20210122_141517-scaled-1.jpg\" alt=\"\" data-id=\"6141\" data-full-url=\"http:\/\/eurointegracja.pl\/wp-content\/uploads\/2021\/09\/IMG_20210122_141517-scaled-1.jpg\" data-link=\"http:\/\/eurointegracja.pl\/?attachment_id=6141\" class=\"wp-image-6141\" srcset=\"http:\/\/eurointegracja.pl\/wp-content\/uploads\/2021\/09\/IMG_20210122_141517-scaled-1.jpg 595w, http:\/\/eurointegracja.pl\/wp-content\/uploads\/2021\/09\/IMG_20210122_141517-scaled-1-300x225.jpg 300w\" sizes=\"(max-width: 595px) 100vw, 595px\" \/><\/figure><\/li><li class=\"blocks-gallery-item\"><figure><img decoding=\"async\" loading=\"lazy\" width=\"996\" height=\"1024\" src=\"http:\/\/eurointegracja.pl\/wp-content\/uploads\/2021\/09\/IMG_20210122_141536-scaled-1-996x1024.jpg\" alt=\"\" data-id=\"6142\" data-full-url=\"http:\/\/eurointegracja.pl\/wp-content\/uploads\/2021\/09\/IMG_20210122_141536-scaled-1.jpg\" data-link=\"http:\/\/eurointegracja.pl\/?attachment_id=6142\" class=\"wp-image-6142\" srcset=\"http:\/\/eurointegracja.pl\/wp-content\/uploads\/2021\/09\/IMG_20210122_141536-scaled-1-996x1024.jpg 996w, http:\/\/eurointegracja.pl\/wp-content\/uploads\/2021\/09\/IMG_20210122_141536-scaled-1-292x300.jpg 292w, http:\/\/eurointegracja.pl\/wp-content\/uploads\/2021\/09\/IMG_20210122_141536-scaled-1-768x789.jpg 768w, http:\/\/eurointegracja.pl\/wp-content\/uploads\/2021\/09\/IMG_20210122_141536-scaled-1.jpg 1040w\" sizes=\"(max-width: 767px) 89vw, (max-width: 1000px) 54vw, (max-width: 1071px) 543px, 580px\" \/><\/figure><\/li><li class=\"blocks-gallery-item\"><figure><img decoding=\"async\" loading=\"lazy\" width=\"765\" height=\"888\" src=\"http:\/\/eurointegracja.pl\/wp-content\/uploads\/2021\/09\/kalendarz-A3-konkurs-fotograficzny.jpg\" alt=\"\" data-id=\"6143\" data-full-url=\"http:\/\/eurointegracja.pl\/wp-content\/uploads\/2021\/09\/kalendarz-A3-konkurs-fotograficzny.jpg\" data-link=\"http:\/\/eurointegracja.pl\/?attachment_id=6143\" class=\"wp-image-6143\" srcset=\"http:\/\/eurointegracja.pl\/wp-content\/uploads\/2021\/09\/kalendarz-A3-konkurs-fotograficzny.jpg 765w, http:\/\/eurointegracja.pl\/wp-content\/uploads\/2021\/09\/kalendarz-A3-konkurs-fotograficzny-258x300.jpg 258w\" sizes=\"(max-width: 706px) 89vw, (max-width: 767px) 82vw, 740px\" \/><\/figure><\/li><li class=\"blocks-gallery-item\"><figure><img decoding=\"async\" loading=\"lazy\" width=\"1024\" height=\"347\" src=\"http:\/\/eurointegracja.pl\/wp-content\/uploads\/2021\/09\/zdjecia-konkurs-fotograficzny--1024x347.jpg\" alt=\"\" data-id=\"6144\" data-full-url=\"http:\/\/eu-wsn.wloclawek.pl\/wp-content\/uploads\/2021\/09\/zdjecia-konkurs-fotograficzny--scaled.jpg\" data-link=\"http:\/\/eurointegracja.pl\/?attachment_id=6144\" class=\"wp-image-6144\" srcset=\"http:\/\/eurointegracja.pl\/wp-content\/uploads\/2021\/09\/zdjecia-konkurs-fotograficzny--1024x347.jpg 1024w, http:\/\/eurointegracja.pl\/wp-content\/uploads\/2021\/09\/zdjecia-konkurs-fotograficzny--300x102.jpg 300w, http:\/\/eurointegracja.pl\/wp-content\/uploads\/2021\/09\/zdjecia-konkurs-fotograficzny--768x260.jpg 768w, http:\/\/eurointegracja.pl\/wp-content\/uploads\/2021\/09\/zdjecia-konkurs-fotograficzny--1536x521.jpg 1536w, http:\/\/eurointegracja.pl\/wp-content\/uploads\/2021\/09\/zdjecia-konkurs-fotograficzny--2048x694.jpg 2048w\" sizes=\"(max-width: 767px) 89vw, (max-width: 1000px) 54vw, (max-width: 1071px) 543px, 580px\" \/><\/figure><\/li><\/ul><\/figure>\n","protected":false},"excerpt":{"rendered":"<p>Celem Konkursu by\u0142o:\u2022 zarejestrowanie obraz\u00f3w i ludzi pracuj\u0105cych woluntarystycznie, ich dzia\u0142a\u0144, czyn\u00f3w i zachowania;\u2022 promocja wolontariatu we w\u0142oc\u0142awskich organizacjach pozarz\u0105dowych Na konkurs nades\u0142anych zosta\u0142o 25 fotografii z 9 organizacji pozarz\u0105dowych. Komisja dokona\u0142a analizy prac konkursowych zgodnie z przyj\u0119tymi w regulaminie kryteriami.Podczas oceniania prac jury bra\u0142o pod uwag\u0119 nast\u0119puj\u0105ce kryteria:\u2022 zgodno\u015b\u0107 tematyczn\u0105,\u2022 podej\u015bcie do tematu,\u2022 pomys\u0142owo\u015b\u0107 &hellip; <\/p>\n<p class=\"link-more\"><a href=\"http:\/\/eurointegracja.pl\/?p=6136\" class=\"more-link\">Czytaj dalej<span class=\"screen-reader-text\"> \u201eUdzia\u0142 Eurointegracji w konkursie fotograficznym  &#8211; 08.01.2021\u201d<\/span><\/a><\/p>\n","protected":false},"author":1,"featured_media":0,"comment_status":"open","ping_status":"open","sticky":false,"template":"","format":"standard","meta":[],"categories":[4],"tags":[],"_links":{"self":[{"href":"http:\/\/eurointegracja.pl\/index.php?rest_route=\/wp\/v2\/posts\/6136"}],"collection":[{"href":"http:\/\/eurointegracja.pl\/index.php?rest_route=\/wp\/v2\/posts"}],"about":[{"href":"http:\/\/eurointegracja.pl\/index.php?rest_route=\/wp\/v2\/types\/post"}],"author":[{"embeddable":true,"href":"http:\/\/eurointegracja.pl\/index.php?rest_route=\/wp\/v2\/users\/1"}],"replies":[{"embeddable":true,"href":"http:\/\/eurointegracja.pl\/index.php?rest_route=%2Fwp%2Fv2%2Fcomments&post=6136"}],"version-history":[{"count":3,"href":"http:\/\/eurointegracja.pl\/index.php?rest_route=\/wp\/v2\/posts\/6136\/revisions"}],"predecessor-version":[{"id":6152,"href":"http:\/\/eurointegracja.pl\/index.php?rest_route=\/wp\/v2\/posts\/6136\/revisions\/6152"}],"wp:attachment":[{"href":"http:\/\/eurointegracja.pl\/index.php?rest_route=%2Fwp%2Fv2%2Fmedia&parent=6136"}],"wp:term":[{"taxonomy":"category","embeddable":true,"href":"http:\/\/eurointegracja.pl\/index.php?rest_route=%2Fwp%2Fv2%2Fcategories&post=6136"},{"taxonomy":"post_tag","embeddable":true,"href":"http:\/\/eurointegracja.pl\/index.php?rest_route=%2Fwp%2Fv2%2Ftags&post=6136"}],"curies":[{"name":"wp","href":"https:\/\/api.w.org\/{rel}","templated":true}]}}