{"id":9592,"date":"2024-09-29T12:00:00","date_gmt":"2024-09-29T10:00:00","guid":{"rendered":"http:\/\/eurointegracja.pl\/?p=9592"},"modified":"2024-09-30T11:45:04","modified_gmt":"2024-09-30T09:45:04","slug":"eurointegracja-w-skarbcu-fajansu","status":"publish","type":"post","link":"http:\/\/eurointegracja.pl\/?p=9592","title":{"rendered":"Eurointegracja w Skarbcu Fajansu"},"content":{"rendered":"\n<p>Byli\u015bmy dzi\u015b w Skarbcu Fajansu &#8211; 29.09.2024<\/p>\n\n\n\n<p>Szanowni Pa\u0144stwo!<br>Z okazji pierwszej rocznicy istnienia Interaktywnego Centrum Fajansu \u2013 Skarbca Fajansu we W\u0142oc\u0142awku, sk\u0142adamy najserdeczniejsze \u017cyczenia pe\u0142ne uznania i wdzi\u0119czno\u015bci dla Dyrektor Centrum Kultury \u201eBrowar B\u201d Pani Lidii Piechockiej \u2013Witczak, dla Zast\u0119pcy Dyrektora ds. ICF Pana Piotra Wawrowskiego oraz ca\u0142ego zespo\u0142u pracownik\u00f3w.<br>Niech Wasze dzia\u0142ania nadal przyci\u0105gaj\u0105 licznych mi\u0142o\u015bnik\u00f3w fajansu i kultury, a Wasza praca przynosi jeszcze wi\u0119cej rado\u015bci i spe\u0142nienia.<br>Serdeczne gratulacje z okazji tego wa\u017cnego Jubileuszu!<br>Zarz\u0105d WSN \u201eEurointegracja\u201d<\/p>\n\n\n\n<figure class=\"wp-block-gallery has-nested-images columns-4 is-cropped wp-block-gallery-1 is-layout-flex\">\n<figure class=\"wp-block-image size-large\"><a href=\"http:\/\/eurointegracja.pl\/wp-content\/uploads\/2024\/09\/IMG_6074.jpeg\" target=\"_blank\" rel=\"noopener\"><img decoding=\"async\" loading=\"lazy\" width=\"960\" height=\"541\" data-id=\"9578\"  src=\"http:\/\/eurointegracja.pl\/wp-content\/uploads\/2024\/09\/IMG_6074.jpeg\" alt=\"\" class=\"wp-image-9578\" srcset=\"http:\/\/eurointegracja.pl\/wp-content\/uploads\/2024\/09\/IMG_6074.jpeg 960w, http:\/\/eurointegracja.pl\/wp-content\/uploads\/2024\/09\/IMG_6074-300x169.jpeg 300w, http:\/\/eurointegracja.pl\/wp-content\/uploads\/2024\/09\/IMG_6074-768x433.jpeg 768w\" sizes=\"(max-width: 767px) 89vw, (max-width: 1000px) 54vw, (max-width: 1071px) 543px, 580px\" \/><\/a><\/figure>\n\n\n\n<figure class=\"wp-block-image size-large\"><a href=\"http:\/\/eurointegracja.pl\/wp-content\/uploads\/2024\/09\/IMG_6075.jpeg\" target=\"_blank\" rel=\"noopener\"><img decoding=\"async\" loading=\"lazy\" width=\"960\" height=\"541\" data-id=\"9579\"  src=\"http:\/\/eurointegracja.pl\/wp-content\/uploads\/2024\/09\/IMG_6075.jpeg\" alt=\"\" class=\"wp-image-9579\" srcset=\"http:\/\/eurointegracja.pl\/wp-content\/uploads\/2024\/09\/IMG_6075.jpeg 960w, http:\/\/eurointegracja.pl\/wp-content\/uploads\/2024\/09\/IMG_6075-300x169.jpeg 300w, http:\/\/eurointegracja.pl\/wp-content\/uploads\/2024\/09\/IMG_6075-768x433.jpeg 768w\" sizes=\"(max-width: 767px) 89vw, (max-width: 1000px) 54vw, (max-width: 1071px) 543px, 580px\" \/><\/a><\/figure>\n\n\n\n<figure class=\"wp-block-image size-large\"><a href=\"http:\/\/eurointegracja.pl\/wp-content\/uploads\/2024\/09\/IMG_6076.jpeg\" target=\"_blank\" rel=\"noopener\"><img decoding=\"async\" loading=\"lazy\" width=\"578\" height=\"1024\" data-id=\"9580\"  src=\"http:\/\/eurointegracja.pl\/wp-content\/uploads\/2024\/09\/IMG_6076-578x1024.jpeg\" alt=\"\" class=\"wp-image-9580\" srcset=\"http:\/\/eurointegracja.pl\/wp-content\/uploads\/2024\/09\/IMG_6076-578x1024.jpeg 578w, http:\/\/eurointegracja.pl\/wp-content\/uploads\/2024\/09\/IMG_6076-169x300.jpeg 169w, http:\/\/eurointegracja.pl\/wp-content\/uploads\/2024\/09\/IMG_6076-768x1362.jpeg 768w, http:\/\/eurointegracja.pl\/wp-content\/uploads\/2024\/09\/IMG_6076.jpeg 846w\" sizes=\"(max-width: 578px) 100vw, 578px\" \/><\/a><\/figure>\n\n\n\n<figure class=\"wp-block-image size-large\"><a href=\"http:\/\/eurointegracja.pl\/wp-content\/uploads\/2024\/09\/IMG_6077.jpeg\" target=\"_blank\" rel=\"noopener\"><img decoding=\"async\" loading=\"lazy\" width=\"960\" height=\"432\" data-id=\"9581\"  src=\"http:\/\/eurointegracja.pl\/wp-content\/uploads\/2024\/09\/IMG_6077.jpeg\" alt=\"\" class=\"wp-image-9581\" srcset=\"http:\/\/eurointegracja.pl\/wp-content\/uploads\/2024\/09\/IMG_6077.jpeg 960w, http:\/\/eurointegracja.pl\/wp-content\/uploads\/2024\/09\/IMG_6077-300x135.jpeg 300w, http:\/\/eurointegracja.pl\/wp-content\/uploads\/2024\/09\/IMG_6077-768x346.jpeg 768w\" sizes=\"(max-width: 767px) 89vw, (max-width: 1000px) 54vw, (max-width: 1071px) 543px, 580px\" \/><\/a><\/figure>\n\n\n\n<figure class=\"wp-block-image size-large\"><a href=\"http:\/\/eurointegracja.pl\/wp-content\/uploads\/2024\/09\/IMG_6078.jpeg\" target=\"_blank\" rel=\"noopener\"><img decoding=\"async\" loading=\"lazy\" width=\"960\" height=\"432\" data-id=\"9582\"  src=\"http:\/\/eurointegracja.pl\/wp-content\/uploads\/2024\/09\/IMG_6078.jpeg\" alt=\"\" class=\"wp-image-9582\" srcset=\"http:\/\/eurointegracja.pl\/wp-content\/uploads\/2024\/09\/IMG_6078.jpeg 960w, http:\/\/eurointegracja.pl\/wp-content\/uploads\/2024\/09\/IMG_6078-300x135.jpeg 300w, http:\/\/eurointegracja.pl\/wp-content\/uploads\/2024\/09\/IMG_6078-768x346.jpeg 768w\" sizes=\"(max-width: 767px) 89vw, (max-width: 1000px) 54vw, (max-width: 1071px) 543px, 580px\" \/><\/a><\/figure>\n\n\n\n<figure class=\"wp-block-image size-large\"><a href=\"http:\/\/eurointegracja.pl\/wp-content\/uploads\/2024\/09\/IMG_6080.jpeg\" target=\"_blank\" rel=\"noopener\"><img decoding=\"async\" loading=\"lazy\" width=\"578\" height=\"1024\" data-id=\"9584\"  src=\"http:\/\/eurointegracja.pl\/wp-content\/uploads\/2024\/09\/IMG_6080-578x1024.jpeg\" alt=\"\" class=\"wp-image-9584\" srcset=\"http:\/\/eurointegracja.pl\/wp-content\/uploads\/2024\/09\/IMG_6080-578x1024.jpeg 578w, http:\/\/eurointegracja.pl\/wp-content\/uploads\/2024\/09\/IMG_6080-169x300.jpeg 169w, http:\/\/eurointegracja.pl\/wp-content\/uploads\/2024\/09\/IMG_6080-768x1362.jpeg 768w, http:\/\/eurointegracja.pl\/wp-content\/uploads\/2024\/09\/IMG_6080.jpeg 846w\" sizes=\"(max-width: 578px) 100vw, 578px\" \/><\/a><\/figure>\n\n\n\n<figure class=\"wp-block-image size-large\"><a href=\"http:\/\/eurointegracja.pl\/wp-content\/uploads\/2024\/09\/IMG_6081.jpeg\" target=\"_blank\" rel=\"noopener\"><img decoding=\"async\" loading=\"lazy\" width=\"578\" height=\"1024\" data-id=\"9585\"  src=\"http:\/\/eurointegracja.pl\/wp-content\/uploads\/2024\/09\/IMG_6081-578x1024.jpeg\" alt=\"\" class=\"wp-image-9585\" srcset=\"http:\/\/eurointegracja.pl\/wp-content\/uploads\/2024\/09\/IMG_6081-578x1024.jpeg 578w, http:\/\/eurointegracja.pl\/wp-content\/uploads\/2024\/09\/IMG_6081-169x300.jpeg 169w, http:\/\/eurointegracja.pl\/wp-content\/uploads\/2024\/09\/IMG_6081-768x1362.jpeg 768w, http:\/\/eurointegracja.pl\/wp-content\/uploads\/2024\/09\/IMG_6081.jpeg 846w\" sizes=\"(max-width: 578px) 100vw, 578px\" \/><\/a><\/figure>\n\n\n\n<figure class=\"wp-block-image size-large\"><a href=\"http:\/\/eurointegracja.pl\/wp-content\/uploads\/2024\/09\/IMG_6082.jpeg\" target=\"_blank\" rel=\"noopener\"><img decoding=\"async\" loading=\"lazy\" width=\"578\" height=\"1024\" data-id=\"9586\"  src=\"http:\/\/eurointegracja.pl\/wp-content\/uploads\/2024\/09\/IMG_6082-578x1024.jpeg\" alt=\"\" class=\"wp-image-9586\" srcset=\"http:\/\/eurointegracja.pl\/wp-content\/uploads\/2024\/09\/IMG_6082-578x1024.jpeg 578w, http:\/\/eurointegracja.pl\/wp-content\/uploads\/2024\/09\/IMG_6082-169x300.jpeg 169w, http:\/\/eurointegracja.pl\/wp-content\/uploads\/2024\/09\/IMG_6082-768x1362.jpeg 768w, http:\/\/eurointegracja.pl\/wp-content\/uploads\/2024\/09\/IMG_6082.jpeg 846w\" sizes=\"(max-width: 578px) 100vw, 578px\" \/><\/a><\/figure>\n\n\n\n<figure class=\"wp-block-image size-large\"><a href=\"http:\/\/eurointegracja.pl\/wp-content\/uploads\/2024\/09\/IMG_6083.jpeg\" target=\"_blank\" rel=\"noopener\"><img decoding=\"async\" loading=\"lazy\" width=\"960\" height=\"432\" data-id=\"9587\"  src=\"http:\/\/eurointegracja.pl\/wp-content\/uploads\/2024\/09\/IMG_6083.jpeg\" alt=\"\" class=\"wp-image-9587\" srcset=\"http:\/\/eurointegracja.pl\/wp-content\/uploads\/2024\/09\/IMG_6083.jpeg 960w, http:\/\/eurointegracja.pl\/wp-content\/uploads\/2024\/09\/IMG_6083-300x135.jpeg 300w, http:\/\/eurointegracja.pl\/wp-content\/uploads\/2024\/09\/IMG_6083-768x346.jpeg 768w\" sizes=\"(max-width: 767px) 89vw, (max-width: 1000px) 54vw, (max-width: 1071px) 543px, 580px\" \/><\/a><\/figure>\n\n\n\n<figure class=\"wp-block-image size-large\"><a href=\"http:\/\/eurointegracja.pl\/wp-content\/uploads\/2024\/09\/IMG_6084.jpeg\" target=\"_blank\" rel=\"noopener\"><img decoding=\"async\" loading=\"lazy\" width=\"960\" height=\"432\" data-id=\"9588\"  src=\"http:\/\/eurointegracja.pl\/wp-content\/uploads\/2024\/09\/IMG_6084.jpeg\" alt=\"\" class=\"wp-image-9588\" srcset=\"http:\/\/eurointegracja.pl\/wp-content\/uploads\/2024\/09\/IMG_6084.jpeg 960w, http:\/\/eurointegracja.pl\/wp-content\/uploads\/2024\/09\/IMG_6084-300x135.jpeg 300w, http:\/\/eurointegracja.pl\/wp-content\/uploads\/2024\/09\/IMG_6084-768x346.jpeg 768w\" sizes=\"(max-width: 767px) 89vw, (max-width: 1000px) 54vw, (max-width: 1071px) 543px, 580px\" \/><\/a><\/figure>\n\n\n\n<figure class=\"wp-block-image size-large\"><a href=\"http:\/\/eurointegracja.pl\/wp-content\/uploads\/2024\/09\/IMG_6085.jpeg\" target=\"_blank\" rel=\"noopener\"><img decoding=\"async\" loading=\"lazy\" width=\"578\" height=\"1024\" data-id=\"9589\"  src=\"http:\/\/eurointegracja.pl\/wp-content\/uploads\/2024\/09\/IMG_6085-578x1024.jpeg\" alt=\"\" class=\"wp-image-9589\" srcset=\"http:\/\/eurointegracja.pl\/wp-content\/uploads\/2024\/09\/IMG_6085-578x1024.jpeg 578w, http:\/\/eurointegracja.pl\/wp-content\/uploads\/2024\/09\/IMG_6085-169x300.jpeg 169w, http:\/\/eurointegracja.pl\/wp-content\/uploads\/2024\/09\/IMG_6085-768x1362.jpeg 768w, http:\/\/eurointegracja.pl\/wp-content\/uploads\/2024\/09\/IMG_6085.jpeg 846w\" sizes=\"(max-width: 578px) 100vw, 578px\" \/><\/a><\/figure>\n\n\n\n<figure class=\"wp-block-image size-large\"><a href=\"http:\/\/eurointegracja.pl\/wp-content\/uploads\/2024\/09\/IMG_6086.jpeg\" target=\"_blank\" rel=\"noopener\"><img decoding=\"async\" loading=\"lazy\" width=\"225\" height=\"225\" data-id=\"9590\"  src=\"http:\/\/eurointegracja.pl\/wp-content\/uploads\/2024\/09\/IMG_6086.jpeg\" alt=\"\" class=\"wp-image-9590\" srcset=\"http:\/\/eurointegracja.pl\/wp-content\/uploads\/2024\/09\/IMG_6086.jpeg 225w, http:\/\/eurointegracja.pl\/wp-content\/uploads\/2024\/09\/IMG_6086-150x150.jpeg 150w, http:\/\/eurointegracja.pl\/wp-content\/uploads\/2024\/09\/IMG_6086-100x100.jpeg 100w\" sizes=\"(max-width: 225px) 100vw, 225px\" \/><\/a><\/figure>\n<\/figure>\n","protected":false},"excerpt":{"rendered":"<p>Byli\u015bmy dzi\u015b w Skarbcu Fajansu &#8211; 29.09.2024 Szanowni Pa\u0144stwo!Z okazji pierwszej rocznicy istnienia Interaktywnego Centrum Fajansu \u2013 Skarbca Fajansu we W\u0142oc\u0142awku, sk\u0142adamy najserdeczniejsze \u017cyczenia pe\u0142ne uznania i wdzi\u0119czno\u015bci dla Dyrektor Centrum Kultury \u201eBrowar B\u201d Pani Lidii Piechockiej \u2013Witczak, dla Zast\u0119pcy Dyrektora ds. ICF Pana Piotra Wawrowskiego oraz ca\u0142ego zespo\u0142u pracownik\u00f3w.Niech Wasze dzia\u0142ania nadal przyci\u0105gaj\u0105 licznych &hellip; <\/p>\n<p class=\"link-more\"><a href=\"http:\/\/eurointegracja.pl\/?p=9592\" class=\"more-link\">Czytaj dalej<span class=\"screen-reader-text\"> \u201eEurointegracja w Skarbcu Fajansu\u201d<\/span><\/a><\/p>\n","protected":false},"author":1,"featured_media":0,"comment_status":"closed","ping_status":"open","sticky":false,"template":"","format":"standard","meta":[],"categories":[1],"tags":[],"_links":{"self":[{"href":"http:\/\/eurointegracja.pl\/index.php?rest_route=\/wp\/v2\/posts\/9592"}],"collection":[{"href":"http:\/\/eurointegracja.pl\/index.php?rest_route=\/wp\/v2\/posts"}],"about":[{"href":"http:\/\/eurointegracja.pl\/index.php?rest_route=\/wp\/v2\/types\/post"}],"author":[{"embeddable":true,"href":"http:\/\/eurointegracja.pl\/index.php?rest_route=\/wp\/v2\/users\/1"}],"replies":[{"embeddable":true,"href":"http:\/\/eurointegracja.pl\/index.php?rest_route=%2Fwp%2Fv2%2Fcomments&post=9592"}],"version-history":[{"count":1,"href":"http:\/\/eurointegracja.pl\/index.php?rest_route=\/wp\/v2\/posts\/9592\/revisions"}],"predecessor-version":[{"id":9593,"href":"http:\/\/eurointegracja.pl\/index.php?rest_route=\/wp\/v2\/posts\/9592\/revisions\/9593"}],"wp:attachment":[{"href":"http:\/\/eurointegracja.pl\/index.php?rest_route=%2Fwp%2Fv2%2Fmedia&parent=9592"}],"wp:term":[{"taxonomy":"category","embeddable":true,"href":"http:\/\/eurointegracja.pl\/index.php?rest_route=%2Fwp%2Fv2%2Fcategories&post=9592"},{"taxonomy":"post_tag","embeddable":true,"href":"http:\/\/eurointegracja.pl\/index.php?rest_route=%2Fwp%2Fv2%2Ftags&post=9592"}],"curies":[{"name":"wp","href":"https:\/\/api.w.org\/{rel}","templated":true}]}}